{"id":126145,"date":"2018-11-21T12:07:28","date_gmt":"2018-11-21T14:07:28","guid":{"rendered":"https:\/\/diarioregionaldigital.com.br\/?p=126145"},"modified":"2018-11-21T12:07:28","modified_gmt":"2018-11-21T14:07:28","slug":"conselho-realiza-forum-municipal-da-juventude-para-eleicao-de-representantes-de-entidades","status":"publish","type":"post","link":"https:\/\/diarioregionaldigital.com.br\/?p=126145","title":{"rendered":"Conselho realiza \u201cF\u00f3rum Municipal da Juventude\u201d para elei\u00e7\u00e3o de representantes de entidades"},"content":{"rendered":"<p>Ser\u00e1 realizado nesta quarta-feira o \u201cF\u00f3rum Municipal da Juventude\u201d, com a elei\u00e7\u00e3o dos representantes da sociedade civil para o bi\u00eanio 2018-2020. O encontro, no Teatro \u201cPaschoal Carlos Magno\u201d, ter\u00e1 in\u00edcio \u00e0s 18h30, quando ocorrer\u00e3o oito assembleias regionais &#8211; centro, centro-oeste, leste, nordeste, norte, oeste, sudeste e sul \u2013 seguidas pela municipal, com todos os participantes. O f\u00f3rum \u00e9 coordenado pela comiss\u00e3o eleitoral do Conselho Municipal da Juventude, vinculado \u00e0 Secretaria de Governo (SG) da Prefeitura de Juiz de Fora (PJF).<\/p>\n<p>A abertura do evento ter\u00e1 apresenta\u00e7\u00e3o cultural do programa \u201cGente em Primeiro Lugar\u201d, desenvolvido pela PJF e gerenciado pela Funda\u00e7\u00e3o Cultural \u201cAlfredo Ferreira Lage\u201d (Funalfa) e Associa\u00e7\u00e3o Cultural Arte e Vida (Acav). S\u00e3o 17 entidades habilitadas a participar do processo para a sele\u00e7\u00e3o de representantes. Ser\u00e3o selecionadas dez institui\u00e7\u00f5es integrantes, com titulares e respectivos suplentes, sendo oito eleitos nos f\u00f3runs regionais e dois no municipal, todas elas entidades n\u00e3o governamentais atuantes com p\u00fablico jovem, nas diversas \u00e1reas.<\/p>\n<p><em>Fonte: Assessoria<\/em><\/p>\n","protected":false},"excerpt":{"rendered":"<p>Ser\u00e1 realizado nesta quarta-feira o \u201cF\u00f3rum Municipal da Juventude\u201d, com a elei\u00e7\u00e3o dos representantes da sociedade civil para o bi\u00eanio 2018-2020. O encontro, no Teatro \u201cPaschoal Carlos Magno\u201d, ter\u00e1 in\u00edcio \u00e0s 18h30, quando ocorrer\u00e3o oito assembleias regionais &#8211; centro, centro-oeste, leste, nordeste, norte, oeste, sudeste e sul \u2013 seguidas pela municipal, com todos os participantes. [&hellip;]<\/p>\n","protected":false},"author":96,"featured_media":0,"comment_status":"closed","ping_status":"closed","sticky":false,"template":"","format":"standard","meta":{"footnotes":""},"categories":[253,439],"tags":[],"class_list":["post-126145","post","type-post","status-publish","format-standard","hentry","category-cidade","category-ultima-hora"],"_links":{"self":[{"href":"https:\/\/diarioregionaldigital.com.br\/index.php?rest_route=\/wp\/v2\/posts\/126145","targetHints":{"allow":["GET"]}}],"collection":[{"href":"https:\/\/diarioregionaldigital.com.br\/index.php?rest_route=\/wp\/v2\/posts"}],"about":[{"href":"https:\/\/diarioregionaldigital.com.br\/index.php?rest_route=\/wp\/v2\/types\/post"}],"author":[{"embeddable":true,"href":"https:\/\/diarioregionaldigital.com.br\/index.php?rest_route=\/wp\/v2\/users\/96"}],"replies":[{"embeddable":true,"href":"https:\/\/diarioregionaldigital.com.br\/index.php?rest_route=%2Fwp%2Fv2%2Fcomments&post=126145"}],"version-history":[{"count":0,"href":"https:\/\/diarioregionaldigital.com.br\/index.php?rest_route=\/wp\/v2\/posts\/126145\/revisions"}],"wp:attachment":[{"href":"https:\/\/diarioregionaldigital.com.br\/index.php?rest_route=%2Fwp%2Fv2%2Fmedia&parent=126145"}],"wp:term":[{"taxonomy":"category","embeddable":true,"href":"https:\/\/diarioregionaldigital.com.br\/index.php?rest_route=%2Fwp%2Fv2%2Fcategories&post=126145"},{"taxonomy":"post_tag","embeddable":true,"href":"https:\/\/diarioregionaldigital.com.br\/index.php?rest_route=%2Fwp%2Fv2%2Ftags&post=126145"}],"curies":[{"name":"wp","href":"https:\/\/api.w.org\/{rel}","templated":true}]}}