{"id":126142,"date":"2018-11-21T11:58:40","date_gmt":"2018-11-21T13:58:40","guid":{"rendered":"https:\/\/diarioregionaldigital.com.br\/?p=126142"},"modified":"2018-11-21T11:58:40","modified_gmt":"2018-11-21T13:58:40","slug":"6a-mostra-de-teatro-gente-em-primeiro-lugar-comeca-nesta-quarta-feira","status":"publish","type":"post","link":"https:\/\/diarioregionaldigital.com.br\/?p=126142","title":{"rendered":"\u201c6\u00aa Mostra de Teatro Gente em Primeiro Lugar\u201d come\u00e7a nesta quarta-feira"},"content":{"rendered":"<p>A \u201c6\u00aa Mostra de Teatro Gente em Primeiro Lugar\u201d come\u00e7a nesta quarta-feira, 21, prosseguindo nos dias 22 e 23 de novembro e 3 de dezembro. Cerca de 50 crian\u00e7as, jovens e adolescentes que participam das oficinas oferecidas pelo programa de forma gratuita subir\u00e3o ao palco do \u201cOandardebaixo\u201d (Floriano Peixoto, 37 \u2013 Centro) e da \u201cSala de Giz\u201d (R. Mariano Proc\u00f3pio, 65 &#8211; Morro da Gl\u00f3ria) para apresentar quatro pe\u00e7as. Os ingressos poder\u00e3o ser adquiridos por R$ 3 nos dias das apresenta\u00e7\u00f5es e o espa\u00e7o \u00e9 sujeito a lota\u00e7\u00e3o.<\/p>\n<p>A tem\u00e1tica proposta para este ano foi o \u201cTeatro n\u00e3o Covencional\u201d, onde o objetivo \u00e9 levar o universo do teatro contempor\u00e2neo feito de m\u00faltiplas linguagens, saindo da zona de conforto e tradi\u00e7\u00e3o dos palcos, provocando os pr\u00f3prios alunos a novas experimenta\u00e7\u00f5es. Toda as propostas do espet\u00e1culo, desde escolha do texto, desenvolvimento, concep\u00e7\u00e3o cenogr\u00e1fica e trilha sonora foram organizadas juntamente aos alunos.<\/p>\n<p>Segundo os articuladores do programa, a mostra tem como objetivo permitir que os alunos possam vivenciar todos os elementos do teatro, desenvolvendo o gosto pelo fazer e pela frui\u00e7\u00e3o desta arte atrav\u00e9s da forma\u00e7\u00e3o do cidad\u00e3o consumidor de cultura. A equipe de teatro do programa atualmente \u00e9 composta pelos articuladores Aline Carvalho, Tain\u00e1 Neves, Thiago Andrade e Lucas Nunes, que, al\u00e9m de articulador cultural, \u00e9 coordenador da equipe no \u201cGente em Primeiro Lugar\u201d. O programa \u00e9 mantido pela Prefeitura de Juiz de Fora (PJF), por meio da Funda\u00e7\u00e3o Cultural \u201cAlfredo Ferreira Lage\u201d (Funalfa) e pela Associa\u00e7\u00e3o Cultural Arte e Vida (Acav).<\/p>\n<p><b>Programa\u00e7\u00e3o:<\/b><\/p>\n<p>No \u201cOandardebaixo\u201d (Floriano Peixoto, 37 \u2013 Centro) \u2013 Sess\u00f5es \u00e0s 18 horas e 19h30<\/p>\n<p><strong>Dia 21:<\/strong> \u201cRomeu e Isolda\u201d \u2013 Articulador: Thiago Andrade<\/p>\n<p><strong>Dia 22:<\/strong> \u201cCotidiano Inusitado\u201d \u2013 Articuladora: Tain\u00e1 Neves<\/p>\n<p><strong>Dia 23:<\/strong> \u201cFragmentos\u201d &#8211; Articulador: Lucas Nunes<\/p>\n<p>Na \u201cSala de Giz\u201d (R. Mariano Proc\u00f3pio, 65 &#8211; Morro da Gl\u00f3ria) \u2013 Sess\u00f5es \u00e0s 18h30 e 20 horas<\/p>\n<p><strong>3\/12:<\/strong> \u201cMagenta\u201d &#8211; Articulador: Aline Carvalho<\/p>\n","protected":false},"excerpt":{"rendered":"<p>A \u201c6\u00aa Mostra de Teatro Gente em Primeiro Lugar\u201d come\u00e7a nesta quarta-feira, 21, prosseguindo nos dias 22 e 23 de novembro e 3 de dezembro. Cerca de 50 crian\u00e7as, jovens e adolescentes que participam das oficinas oferecidas pelo programa de forma gratuita subir\u00e3o ao palco do \u201cOandardebaixo\u201d (Floriano Peixoto, 37 \u2013 Centro) e da \u201cSala [&hellip;]<\/p>\n","protected":false},"author":96,"featured_media":0,"comment_status":"closed","ping_status":"closed","sticky":false,"template":"","format":"standard","meta":{"footnotes":""},"categories":[256,439],"tags":[],"class_list":["post-126142","post","type-post","status-publish","format-standard","hentry","category-cultura","category-ultima-hora"],"_links":{"self":[{"href":"https:\/\/diarioregionaldigital.com.br\/index.php?rest_route=\/wp\/v2\/posts\/126142","targetHints":{"allow":["GET"]}}],"collection":[{"href":"https:\/\/diarioregionaldigital.com.br\/index.php?rest_route=\/wp\/v2\/posts"}],"about":[{"href":"https:\/\/diarioregionaldigital.com.br\/index.php?rest_route=\/wp\/v2\/types\/post"}],"author":[{"embeddable":true,"href":"https:\/\/diarioregionaldigital.com.br\/index.php?rest_route=\/wp\/v2\/users\/96"}],"replies":[{"embeddable":true,"href":"https:\/\/diarioregionaldigital.com.br\/index.php?rest_route=%2Fwp%2Fv2%2Fcomments&post=126142"}],"version-history":[{"count":0,"href":"https:\/\/diarioregionaldigital.com.br\/index.php?rest_route=\/wp\/v2\/posts\/126142\/revisions"}],"wp:attachment":[{"href":"https:\/\/diarioregionaldigital.com.br\/index.php?rest_route=%2Fwp%2Fv2%2Fmedia&parent=126142"}],"wp:term":[{"taxonomy":"category","embeddable":true,"href":"https:\/\/diarioregionaldigital.com.br\/index.php?rest_route=%2Fwp%2Fv2%2Fcategories&post=126142"},{"taxonomy":"post_tag","embeddable":true,"href":"https:\/\/diarioregionaldigital.com.br\/index.php?rest_route=%2Fwp%2Fv2%2Ftags&post=126142"}],"curies":[{"name":"wp","href":"https:\/\/api.w.org\/{rel}","templated":true}]}}