{"id":126139,"date":"2018-11-21T11:49:00","date_gmt":"2018-11-21T13:49:00","guid":{"rendered":"https:\/\/diarioregionaldigital.com.br\/?p=126139"},"modified":"2018-11-21T11:49:00","modified_gmt":"2018-11-21T13:49:00","slug":"pjf-abre-editais-para-contratacao-de-medicos","status":"publish","type":"post","link":"https:\/\/diarioregionaldigital.com.br\/?p=126139","title":{"rendered":"PJF abre editais para contrata\u00e7\u00e3o de m\u00e9dicos"},"content":{"rendered":"<p>Prefeitura de Juiz de Fora (PJF), atrav\u00e9s da Secretaria de Administra\u00e7\u00e3o e Recursos Humanos (SARH), abriu inscri\u00e7\u00f5es para o processo seletivo simplificado, visando \u00e0 contrata\u00e7\u00e3o tempor\u00e1ria de m\u00e9dicos. Em urg\u00eancia e emerg\u00eancia, est\u00e3o dispon\u00edveis vagas para as especialidades de cirurgia craniomaxilofacial e neurocirurgia (Edital n\u00ba 383-SARH). Na \u00e1rea cl\u00ednica, as vagas contemplam cardiologia, cardiologia infantil, cl\u00ednica geral, ginecologia, homeopatia, neurologia e urologia (Edital n\u00ba 384-SARH). As inscri\u00e7\u00f5es j\u00e1 est\u00e3o abertas e poder\u00e3o ser feitas at\u00e9 o pr\u00f3ximo dia 28, exclusivamente pelo site da PJF. A remunera\u00e7\u00e3o e a jornada de trabalho podem variar conforme lota\u00e7\u00e3o e legisla\u00e7\u00e3o vigente.<\/p>\n<p>A entrega de t\u00edtulos para valida\u00e7\u00e3o das informa\u00e7\u00f5es prestadas dever\u00e1 ser feita nos dias 29 ou 30 de novembro, na SARH (Av. Avenida Brasil, 2001, 8\u00ba andar, Centro) entre 8h30 e 11h30 ou das 14h30 \u00e0s 17h30. A documenta\u00e7\u00e3o dever\u00e1 estar em envelope lacrado e poder\u00e1 ser entregue pessoalmente ou por terceiros, com c\u00f3pia do documento de identidade e do comprovante de inscri\u00e7\u00e3o, que servir\u00e1 de recibo. Os editais e os links para inscri\u00e7\u00f5es podem ser conferidas abaixo:<\/p>\n<p><b>Edital n\u00ba 383 <\/b><\/p>\n<p><a href=\"https:\/\/www.pjf.mg.gov.br\/secretarias\/sarh\/edital\/temporario\/383\/index.php\">Urg\u00eancia e Emerg\u00eancia<\/a><\/p>\n<p><b>Edital n\u00ba 384 <\/b><\/p>\n<p><a href=\"https:\/\/www.pjf.mg.gov.br\/secretarias\/sarh\/edital\/temporario\/384\/index.php\">Cl\u00ednica<\/a><\/p>\n<p><em>Fonte: Assessoria<\/em><\/p>\n","protected":false},"excerpt":{"rendered":"<p>Prefeitura de Juiz de Fora (PJF), atrav\u00e9s da Secretaria de Administra\u00e7\u00e3o e Recursos Humanos (SARH), abriu inscri\u00e7\u00f5es para o processo seletivo simplificado, visando \u00e0 contrata\u00e7\u00e3o tempor\u00e1ria de m\u00e9dicos. Em urg\u00eancia e emerg\u00eancia, est\u00e3o dispon\u00edveis vagas para as especialidades de cirurgia craniomaxilofacial e neurocirurgia (Edital n\u00ba 383-SARH). Na \u00e1rea cl\u00ednica, as vagas contemplam cardiologia, cardiologia infantil, [&hellip;]<\/p>\n","protected":false},"author":96,"featured_media":0,"comment_status":"closed","ping_status":"closed","sticky":false,"template":"","format":"standard","meta":{"footnotes":""},"categories":[253,439],"tags":[],"class_list":["post-126139","post","type-post","status-publish","format-standard","hentry","category-cidade","category-ultima-hora"],"_links":{"self":[{"href":"https:\/\/diarioregionaldigital.com.br\/index.php?rest_route=\/wp\/v2\/posts\/126139","targetHints":{"allow":["GET"]}}],"collection":[{"href":"https:\/\/diarioregionaldigital.com.br\/index.php?rest_route=\/wp\/v2\/posts"}],"about":[{"href":"https:\/\/diarioregionaldigital.com.br\/index.php?rest_route=\/wp\/v2\/types\/post"}],"author":[{"embeddable":true,"href":"https:\/\/diarioregionaldigital.com.br\/index.php?rest_route=\/wp\/v2\/users\/96"}],"replies":[{"embeddable":true,"href":"https:\/\/diarioregionaldigital.com.br\/index.php?rest_route=%2Fwp%2Fv2%2Fcomments&post=126139"}],"version-history":[{"count":0,"href":"https:\/\/diarioregionaldigital.com.br\/index.php?rest_route=\/wp\/v2\/posts\/126139\/revisions"}],"wp:attachment":[{"href":"https:\/\/diarioregionaldigital.com.br\/index.php?rest_route=%2Fwp%2Fv2%2Fmedia&parent=126139"}],"wp:term":[{"taxonomy":"category","embeddable":true,"href":"https:\/\/diarioregionaldigital.com.br\/index.php?rest_route=%2Fwp%2Fv2%2Fcategories&post=126139"},{"taxonomy":"post_tag","embeddable":true,"href":"https:\/\/diarioregionaldigital.com.br\/index.php?rest_route=%2Fwp%2Fv2%2Ftags&post=126139"}],"curies":[{"name":"wp","href":"https:\/\/api.w.org\/{rel}","templated":true}]}}