{"id":126136,"date":"2018-11-21T11:43:04","date_gmt":"2018-11-21T13:43:04","guid":{"rendered":"https:\/\/diarioregionaldigital.com.br\/?p=126136"},"modified":"2018-11-21T11:43:04","modified_gmt":"2018-11-21T13:43:04","slug":"escolha-de-ministros-nao-e-feita-por-acordo-partidario-diz-general","status":"publish","type":"post","link":"https:\/\/diarioregionaldigital.com.br\/?p=126136","title":{"rendered":"Escolha de ministros n\u00e3o \u00e9 feita por acordo partid\u00e1rio, diz general"},"content":{"rendered":"<p>Indicado pelo presidente eleito, Jair Bolsonaro, para o cargo de ministro do Gabinete de Seguran\u00e7a Institucional (GSI), o general Augusto Heleno disse nesta quarta-feira, 21, que, apesar de j\u00e1 haver tr\u00eas indica\u00e7\u00f5es de integrantes do DEM para o cargo de ministros no futuro governo, as escolhas n\u00e3o t\u00eam sido feitas por compromissos partid\u00e1rios. Segundo o general, as escolhas levam em conta nomes e bancadas. A afirma\u00e7\u00e3o foi feita pouco antes de se reunir com Bolsonaro.<\/p>\n<p>Os deputados do DEM que v\u00e3o integrar o novo governo s\u00e3o Onyx Lorenzoni (RS), que comandar\u00e1 a Casa Civil, Tereza Cristina (MS), indicada para a pasta da Agricultura, e Luiz Henrique Mandetta (MS), que vai assumir o Minist\u00e9rio da Sa\u00fade.<\/p>\n<p>De acordo com o general, a expectativa \u00e9 de que a equipe ministerial esteja toda definida ap\u00f3s Bolsonaro fazer a cirurgia que retirar\u00e1 a bolsa de colostomia. \u201cMas essa \u00e9 uma decis\u00e3o dele e h\u00e1 muitas condicionantes [relativas \u00e0 defini\u00e7\u00e3o dos nomes para as fun\u00e7\u00f5es]. A gente n\u00e3o fica pressionando para nomear. Ele tem o tempo dele e faz as coisas no tempo dele\u201d, disse Heleno..<\/p>\n<p>O futuro ministro do GSI acrescentou que a escolha de integrantes do DEM para tr\u00eas pastas ministeriais n\u00e3o foi feita levando em conta o partido, mas aspectos pessoais e a bancada da qual eles fazem parte.<\/p>\n<p>Ele tem escolhido por nomes e, como disse ontem, por bancadas. \u00c9 o que tem sido predominante nas escolhas. N\u00e3o existe compromisso com partidos. O pr\u00f3prio Bolsonaro caracterizou como algo n\u00e3o planejado ser do DEM. Aconteceu\u201d, disse o general.<\/p>\n<p><em>Fonte: Ag\u00eancia Brasil<\/em><\/p>\n","protected":false},"excerpt":{"rendered":"<p>Indicado pelo presidente eleito, Jair Bolsonaro, para o cargo de ministro do Gabinete de Seguran\u00e7a Institucional (GSI), o general Augusto Heleno disse nesta quarta-feira, 21, que, apesar de j\u00e1 haver tr\u00eas indica\u00e7\u00f5es de integrantes do DEM para o cargo de ministros no futuro governo, as escolhas n\u00e3o t\u00eam sido feitas por compromissos partid\u00e1rios. Segundo o [&hellip;]<\/p>\n","protected":false},"author":96,"featured_media":0,"comment_status":"closed","ping_status":"closed","sticky":false,"template":"","format":"standard","meta":{"footnotes":""},"categories":[254,439],"tags":[],"class_list":["post-126136","post","type-post","status-publish","format-standard","hentry","category-politica","category-ultima-hora"],"_links":{"self":[{"href":"https:\/\/diarioregionaldigital.com.br\/index.php?rest_route=\/wp\/v2\/posts\/126136","targetHints":{"allow":["GET"]}}],"collection":[{"href":"https:\/\/diarioregionaldigital.com.br\/index.php?rest_route=\/wp\/v2\/posts"}],"about":[{"href":"https:\/\/diarioregionaldigital.com.br\/index.php?rest_route=\/wp\/v2\/types\/post"}],"author":[{"embeddable":true,"href":"https:\/\/diarioregionaldigital.com.br\/index.php?rest_route=\/wp\/v2\/users\/96"}],"replies":[{"embeddable":true,"href":"https:\/\/diarioregionaldigital.com.br\/index.php?rest_route=%2Fwp%2Fv2%2Fcomments&post=126136"}],"version-history":[{"count":0,"href":"https:\/\/diarioregionaldigital.com.br\/index.php?rest_route=\/wp\/v2\/posts\/126136\/revisions"}],"wp:attachment":[{"href":"https:\/\/diarioregionaldigital.com.br\/index.php?rest_route=%2Fwp%2Fv2%2Fmedia&parent=126136"}],"wp:term":[{"taxonomy":"category","embeddable":true,"href":"https:\/\/diarioregionaldigital.com.br\/index.php?rest_route=%2Fwp%2Fv2%2Fcategories&post=126136"},{"taxonomy":"post_tag","embeddable":true,"href":"https:\/\/diarioregionaldigital.com.br\/index.php?rest_route=%2Fwp%2Fv2%2Ftags&post=126136"}],"curies":[{"name":"wp","href":"https:\/\/api.w.org\/{rel}","templated":true}]}}