{"id":126117,"date":"2018-11-21T08:23:27","date_gmt":"2018-11-21T10:23:27","guid":{"rendered":"https:\/\/diarioregionaldigital.com.br\/?p=126117"},"modified":"2018-11-21T08:23:27","modified_gmt":"2018-11-21T10:23:27","slug":"assaltante-entra-em-onibus-e-rouba-dinheiro-e-celular-de-cobradora","status":"publish","type":"post","link":"https:\/\/diarioregionaldigital.com.br\/?p=126117","title":{"rendered":"Assaltante entra em \u00f4nibus e rouba dinheiro e celular de cobradora"},"content":{"rendered":"<p>Uma cobradora de \u00f4nibus, de 33 anos, que trabalha na linha 748, do bairro Santa Cruz, na zona Norte de Juiz de Fora, foi v\u00edtima de assalto nessa ter\u00e7a-feira, 20. Segundo relato dela \u00e0 Pol\u00edcia Militar, um indiv\u00edduo moreno entrou no coletivo, por volta das 23h, na Rua Doutor Ant\u00f4nio Mour\u00e3o Guedes.<\/p>\n<p>O autor estava armado e apontou o objeto para a cabe\u00e7a da v\u00edtima, exigindo que ela entregasse o celular, um cart\u00e3o de cr\u00e9dito e cerca de R$110. Em seguida, o assaltante fugiu e n\u00e3o foi localizado pela Pol\u00edcia Militar.<\/p>\n","protected":false},"excerpt":{"rendered":"<p>Uma cobradora de \u00f4nibus, de 33 anos, que trabalha na linha 748, do bairro Santa Cruz, na zona Norte de Juiz de Fora, foi v\u00edtima de assalto nessa ter\u00e7a-feira, 20. Segundo relato dela \u00e0 Pol\u00edcia Militar, um indiv\u00edduo moreno entrou no coletivo, por volta das 23h, na Rua Doutor Ant\u00f4nio Mour\u00e3o Guedes. O autor estava [&hellip;]<\/p>\n","protected":false},"author":96,"featured_media":95836,"comment_status":"closed","ping_status":"closed","sticky":false,"template":"","format":"standard","meta":{"footnotes":""},"categories":[301],"tags":[],"class_list":["post-126117","post","type-post","status-publish","format-standard","has-post-thumbnail","hentry","category-artigos-policiais"],"_links":{"self":[{"href":"https:\/\/diarioregionaldigital.com.br\/index.php?rest_route=\/wp\/v2\/posts\/126117","targetHints":{"allow":["GET"]}}],"collection":[{"href":"https:\/\/diarioregionaldigital.com.br\/index.php?rest_route=\/wp\/v2\/posts"}],"about":[{"href":"https:\/\/diarioregionaldigital.com.br\/index.php?rest_route=\/wp\/v2\/types\/post"}],"author":[{"embeddable":true,"href":"https:\/\/diarioregionaldigital.com.br\/index.php?rest_route=\/wp\/v2\/users\/96"}],"replies":[{"embeddable":true,"href":"https:\/\/diarioregionaldigital.com.br\/index.php?rest_route=%2Fwp%2Fv2%2Fcomments&post=126117"}],"version-history":[{"count":0,"href":"https:\/\/diarioregionaldigital.com.br\/index.php?rest_route=\/wp\/v2\/posts\/126117\/revisions"}],"wp:featuredmedia":[{"embeddable":true,"href":"https:\/\/diarioregionaldigital.com.br\/index.php?rest_route=\/wp\/v2\/media\/95836"}],"wp:attachment":[{"href":"https:\/\/diarioregionaldigital.com.br\/index.php?rest_route=%2Fwp%2Fv2%2Fmedia&parent=126117"}],"wp:term":[{"taxonomy":"category","embeddable":true,"href":"https:\/\/diarioregionaldigital.com.br\/index.php?rest_route=%2Fwp%2Fv2%2Fcategories&post=126117"},{"taxonomy":"post_tag","embeddable":true,"href":"https:\/\/diarioregionaldigital.com.br\/index.php?rest_route=%2Fwp%2Fv2%2Ftags&post=126117"}],"curies":[{"name":"wp","href":"https:\/\/api.w.org\/{rel}","templated":true}]}}