{"id":126111,"date":"2018-11-21T08:01:59","date_gmt":"2018-11-21T10:01:59","guid":{"rendered":"https:\/\/diarioregionaldigital.com.br\/?p=126111"},"modified":"2018-11-21T08:01:59","modified_gmt":"2018-11-21T10:01:59","slug":"assaltante-desce-de-carro-e-assalta-mulher-no-bairro-eldorado","status":"publish","type":"post","link":"https:\/\/diarioregionaldigital.com.br\/?p=126111","title":{"rendered":"Assaltante desce de carro e assalta mulher no bairro Eldorado"},"content":{"rendered":"<p>Uma mulher, de 25 anos, foi assaltada na noite dessa ter\u00e7a-feira, 20, no bairro Eldorado, na regi\u00e3o Noroeste de Juiz de Fora.\u00a0 Ela passava pela Rua Queluz, por volta das 23h, quando um homem desembarcou de um ve\u00edculo e apontou uma faca para a v\u00edtima.<\/p>\n<p>O assaltante amea\u00e7ou a mulher com o objeto perfurante e exigiu que ela abrisse a bolsa e entregasse a ele o celular. Em seguida, o autor entrou novamente no carro.<\/p>\n<p>De acordo com a v\u00edtima, o autor \u00e9 branco, magro, aparentava ter cerca de 20 anos, possui bigode ralo e, no momento do crime, usava blusa de frio preta com capuz. Ela disse ainda aos policiais militares que havia outro homem no carro, mas n\u00e3o informou caracter\u00edsticas dele.<\/p>\n<p>A Pol\u00edcia Militar realizou rastreamento na \u00e1rea, mas ningu\u00e9m foi encontrado.<\/p>\n","protected":false},"excerpt":{"rendered":"<p>Uma mulher, de 25 anos, foi assaltada na noite dessa ter\u00e7a-feira, 20, no bairro Eldorado, na regi\u00e3o Noroeste de Juiz de Fora.\u00a0 Ela passava pela Rua Queluz, por volta das 23h, quando um homem desembarcou de um ve\u00edculo e apontou uma faca para a v\u00edtima. O assaltante amea\u00e7ou a mulher com o objeto perfurante e [&hellip;]<\/p>\n","protected":false},"author":96,"featured_media":95836,"comment_status":"closed","ping_status":"closed","sticky":false,"template":"","format":"standard","meta":{"footnotes":""},"categories":[301],"tags":[],"class_list":["post-126111","post","type-post","status-publish","format-standard","has-post-thumbnail","hentry","category-artigos-policiais"],"_links":{"self":[{"href":"https:\/\/diarioregionaldigital.com.br\/index.php?rest_route=\/wp\/v2\/posts\/126111","targetHints":{"allow":["GET"]}}],"collection":[{"href":"https:\/\/diarioregionaldigital.com.br\/index.php?rest_route=\/wp\/v2\/posts"}],"about":[{"href":"https:\/\/diarioregionaldigital.com.br\/index.php?rest_route=\/wp\/v2\/types\/post"}],"author":[{"embeddable":true,"href":"https:\/\/diarioregionaldigital.com.br\/index.php?rest_route=\/wp\/v2\/users\/96"}],"replies":[{"embeddable":true,"href":"https:\/\/diarioregionaldigital.com.br\/index.php?rest_route=%2Fwp%2Fv2%2Fcomments&post=126111"}],"version-history":[{"count":0,"href":"https:\/\/diarioregionaldigital.com.br\/index.php?rest_route=\/wp\/v2\/posts\/126111\/revisions"}],"wp:featuredmedia":[{"embeddable":true,"href":"https:\/\/diarioregionaldigital.com.br\/index.php?rest_route=\/wp\/v2\/media\/95836"}],"wp:attachment":[{"href":"https:\/\/diarioregionaldigital.com.br\/index.php?rest_route=%2Fwp%2Fv2%2Fmedia&parent=126111"}],"wp:term":[{"taxonomy":"category","embeddable":true,"href":"https:\/\/diarioregionaldigital.com.br\/index.php?rest_route=%2Fwp%2Fv2%2Fcategories&post=126111"},{"taxonomy":"post_tag","embeddable":true,"href":"https:\/\/diarioregionaldigital.com.br\/index.php?rest_route=%2Fwp%2Fv2%2Ftags&post=126111"}],"curies":[{"name":"wp","href":"https:\/\/api.w.org\/{rel}","templated":true}]}}