{"id":126102,"date":"2018-11-21T06:00:05","date_gmt":"2018-11-21T08:00:05","guid":{"rendered":"https:\/\/diarioregionaldigital.com.br\/?p=126102"},"modified":"2018-11-20T19:51:41","modified_gmt":"2018-11-20T21:51:41","slug":"reinauguracao","status":"publish","type":"post","link":"https:\/\/diarioregionaldigital.com.br\/?p=126102","title":{"rendered":"Reinaugura\u00e7\u00e3o"},"content":{"rendered":"<p style=\"text-align: center;\"><strong>CES\/JF<\/strong><\/p>\n<p style=\"text-align: center;\">Os cursos de Administra\u00e7\u00e3o, Tecnologia em Gest\u00e3o de Recursos Humanos e Tecnologia em Marketing do CES\/JF realizaram a palestra \u201cO L\u00edder Transformador\u201d com o consultor organizacional e coach de S\u00e3o Paulo, Silvio Celestino, realizado no campus Academia, da Rua Halfeld.<\/p>\n<p style=\"text-align: center;\"><strong>Quadro de Avisos <\/strong><\/p>\n<p style=\"text-align: center;\">Indicado para quem precisa e procura uma capacita\u00e7\u00e3o com hor\u00e1rios mais flex\u00edveis do que um curso presencial, os cursos semipresenciais t\u00eam conquistado espa\u00e7o no mercado de trabalho. Para quem procura uma forma\u00e7\u00e3o e mais oportunidades, o SENAI\/MG est\u00e1 com matr\u00edculas abertas at\u00e9 o dia 21 de novembro para dois cursos semipresenciais Automa\u00e7\u00e3o Industrial e T\u00e9cnico em Vestu\u00e1rio.<\/p>\n<p style=\"text-align: center;\"><strong>Confete e Serpentina<\/strong><\/p>\n<p style=\"text-align: center;\">Mobiliza\u00e7\u00e3o na Funalfa pontificou em reuni\u00e3o entre dirigentes da entidade e representantes das agremia\u00e7\u00f5es carnavalescas, ficou definido a realiza\u00e7\u00e3o de Rei Momo e Rainha do Carnaval de Juiz de Fora. Deve acontecer quando janeiro chegar.<\/p>\n<p style=\"text-align: center;\"><strong>Final<\/strong><\/p>\n<p style=\"text-align: center;\">Ag\u00eancias de publicidades e de comunica\u00e7\u00e3o que atendem minist\u00e9rios que v\u00e3o terminar ao fim do governo Temer est\u00e3o preocupadas. Com a fus\u00e3o de pastas, haver\u00e1 uma disputa sobre qual contrato vai prevalecer.<\/p>\n<p style=\"text-align: center;\"><strong>Reinaugura\u00e7\u00e3o <\/strong><\/p>\n<p style=\"text-align: center;\">Com a gest\u00e3o da empres\u00e1ria Marcelle Oliveira a MultSa\u00fade far\u00e1 sua reinaugura\u00e7\u00e3o nesta quarta-feira, 21 de novembro, na rua Halfeld, 513, loja 12, das 8 \u00e0s 18h. Haver\u00e1 um caf\u00e9 da manh\u00e3 e coquetel \u00e0 tarde para recepcionar o p\u00fablico e comemorar este novo passo da empresa.<\/p>\n<div id=\"attachment_126062\" style=\"width: 690px\" class=\"wp-caption aligncenter\"><img loading=\"lazy\" decoding=\"async\" aria-describedby=\"caption-attachment-126062\" class=\"wp-image-126062\" src=\"https:\/\/diarioregionaldigital.com.br\/wp-content\/uploads\/2018\/11\/fotoaa-3-e1542741327825.jpg\" alt=\"\" width=\"680\" height=\"577\" srcset=\"https:\/\/diarioregionaldigital.com.br\/wp-content\/uploads\/2018\/11\/fotoaa-3-e1542741327825.jpg 766w, https:\/\/diarioregionaldigital.com.br\/wp-content\/uploads\/2018\/11\/fotoaa-3-e1542741327825-300x255.jpg 300w, https:\/\/diarioregionaldigital.com.br\/wp-content\/uploads\/2018\/11\/fotoaa-3-e1542741327825-360x305.jpg 360w\" sizes=\"auto, (max-width: 680px) 100vw, 680px\" \/><p id=\"caption-attachment-126062\" class=\"wp-caption-text\">Comemorando a vida, o belo J\u00fanio Martins<\/p><\/div>\n<div id=\"attachment_126063\" style=\"width: 690px\" class=\"wp-caption aligncenter\"><img loading=\"lazy\" decoding=\"async\" aria-describedby=\"caption-attachment-126063\" class=\"wp-image-126063\" src=\"https:\/\/diarioregionaldigital.com.br\/wp-content\/uploads\/2018\/11\/fotob-10-e1542741372180.jpg\" alt=\"\" width=\"680\" height=\"516\" srcset=\"https:\/\/diarioregionaldigital.com.br\/wp-content\/uploads\/2018\/11\/fotob-10-e1542741372180.jpg 723w, https:\/\/diarioregionaldigital.com.br\/wp-content\/uploads\/2018\/11\/fotob-10-e1542741372180-300x228.jpg 300w, https:\/\/diarioregionaldigital.com.br\/wp-content\/uploads\/2018\/11\/fotob-10-e1542741372180-360x273.jpg 360w\" sizes=\"auto, (max-width: 680px) 100vw, 680px\" \/><p id=\"caption-attachment-126063\" class=\"wp-caption-text\">Fazendo social os amigos deste colunista, Juracir Martins e Marcelo El\u00ed<\/p><\/div>\n<div id=\"attachment_126064\" style=\"width: 690px\" class=\"wp-caption aligncenter\"><img loading=\"lazy\" decoding=\"async\" aria-describedby=\"caption-attachment-126064\" class=\"wp-image-126064\" src=\"https:\/\/diarioregionaldigital.com.br\/wp-content\/uploads\/2018\/11\/fotobb-4-e1542741393103.jpg\" alt=\"\" width=\"680\" height=\"498\" srcset=\"https:\/\/diarioregionaldigital.com.br\/wp-content\/uploads\/2018\/11\/fotobb-4-e1542741393103.jpg 871w, https:\/\/diarioregionaldigital.com.br\/wp-content\/uploads\/2018\/11\/fotobb-4-e1542741393103-300x220.jpg 300w, https:\/\/diarioregionaldigital.com.br\/wp-content\/uploads\/2018\/11\/fotobb-4-e1542741393103-768x563.jpg 768w, https:\/\/diarioregionaldigital.com.br\/wp-content\/uploads\/2018\/11\/fotobb-4-e1542741393103-360x264.jpg 360w\" sizes=\"auto, (max-width: 680px) 100vw, 680px\" \/><p id=\"caption-attachment-126064\" class=\"wp-caption-text\">Marcelle Oliveira e F\u00e1bio Ramos reinaugurando a MultS\u00e1ude Juiz de Fora, hoje<\/p><\/div>\n<div id=\"attachment_126065\" style=\"width: 690px\" class=\"wp-caption aligncenter\"><img loading=\"lazy\" decoding=\"async\" aria-describedby=\"caption-attachment-126065\" class=\"wp-image-126065\" src=\"https:\/\/diarioregionaldigital.com.br\/wp-content\/uploads\/2018\/11\/fotoc-9-e1542741416129.jpg\" alt=\"\" width=\"680\" height=\"551\" srcset=\"https:\/\/diarioregionaldigital.com.br\/wp-content\/uploads\/2018\/11\/fotoc-9-e1542741416129.jpg 678w, https:\/\/diarioregionaldigital.com.br\/wp-content\/uploads\/2018\/11\/fotoc-9-e1542741416129-300x243.jpg 300w, https:\/\/diarioregionaldigital.com.br\/wp-content\/uploads\/2018\/11\/fotoc-9-e1542741416129-360x292.jpg 360w\" sizes=\"auto, (max-width: 680px) 100vw, 680px\" \/><p id=\"caption-attachment-126065\" class=\"wp-caption-text\">Miguel sendo paparicado pelo tio bonit\u00e3o Emerson Moreira<\/p><\/div>\n<div id=\"attachment_126066\" style=\"width: 690px\" class=\"wp-caption aligncenter\"><img loading=\"lazy\" decoding=\"async\" aria-describedby=\"caption-attachment-126066\" class=\"wp-image-126066\" src=\"https:\/\/diarioregionaldigital.com.br\/wp-content\/uploads\/2018\/11\/fotocc-3-e1542741447743.jpg\" alt=\"\" width=\"680\" height=\"474\" srcset=\"https:\/\/diarioregionaldigital.com.br\/wp-content\/uploads\/2018\/11\/fotocc-3-e1542741447743.jpg 933w, https:\/\/diarioregionaldigital.com.br\/wp-content\/uploads\/2018\/11\/fotocc-3-e1542741447743-300x210.jpg 300w, https:\/\/diarioregionaldigital.com.br\/wp-content\/uploads\/2018\/11\/fotocc-3-e1542741447743-768x535.jpg 768w, https:\/\/diarioregionaldigital.com.br\/wp-content\/uploads\/2018\/11\/fotocc-3-e1542741447743-360x251.jpg 360w, https:\/\/diarioregionaldigital.com.br\/wp-content\/uploads\/2018\/11\/fotocc-3-e1542741447743-100x70.jpg 100w\" sizes=\"auto, (max-width: 680px) 100vw, 680px\" \/><p id=\"caption-attachment-126066\" class=\"wp-caption-text\">Comemorando o sucesso da \u201cClinica Dr.Fernando Mascarenhas\u201d, os fisioterapeutas Ramon David, Fernando Mascarenhas e Eduardo Gama<\/p><\/div>\n<div id=\"attachment_126068\" style=\"width: 690px\" class=\"wp-caption aligncenter\"><img loading=\"lazy\" decoding=\"async\" aria-describedby=\"caption-attachment-126068\" class=\"wp-image-126068\" src=\"https:\/\/diarioregionaldigital.com.br\/wp-content\/uploads\/2018\/11\/fotodd-2-e1542741487670.jpg\" alt=\"\" width=\"680\" height=\"532\" srcset=\"https:\/\/diarioregionaldigital.com.br\/wp-content\/uploads\/2018\/11\/fotodd-2-e1542741487670.jpg 960w, https:\/\/diarioregionaldigital.com.br\/wp-content\/uploads\/2018\/11\/fotodd-2-e1542741487670-300x235.jpg 300w, https:\/\/diarioregionaldigital.com.br\/wp-content\/uploads\/2018\/11\/fotodd-2-e1542741487670-768x601.jpg 768w, https:\/\/diarioregionaldigital.com.br\/wp-content\/uploads\/2018\/11\/fotodd-2-e1542741487670-360x282.jpg 360w\" sizes=\"auto, (max-width: 680px) 100vw, 680px\" \/><p id=\"caption-attachment-126068\" class=\"wp-caption-text\">Vitin do Onze 20 e Marcelo Brigatto, em confraterni\u00e7\u00e3o<\/p><\/div>\n<div id=\"attachment_126070\" style=\"width: 690px\" class=\"wp-caption aligncenter\"><img loading=\"lazy\" decoding=\"async\" aria-describedby=\"caption-attachment-126070\" class=\"wp-image-126070\" src=\"https:\/\/diarioregionaldigital.com.br\/wp-content\/uploads\/2018\/11\/fotoee-1.jpg\" alt=\"\" width=\"680\" height=\"510\" srcset=\"https:\/\/diarioregionaldigital.com.br\/wp-content\/uploads\/2018\/11\/fotoee-1.jpg 960w, https:\/\/diarioregionaldigital.com.br\/wp-content\/uploads\/2018\/11\/fotoee-1-300x225.jpg 300w, https:\/\/diarioregionaldigital.com.br\/wp-content\/uploads\/2018\/11\/fotoee-1-768x576.jpg 768w, https:\/\/diarioregionaldigital.com.br\/wp-content\/uploads\/2018\/11\/fotoee-1-360x270.jpg 360w\" sizes=\"auto, (max-width: 680px) 100vw, 680px\" \/><p id=\"caption-attachment-126070\" class=\"wp-caption-text\">Andreia Pereira e Armando festejando aniversario no Bar Luis com Sandra Portella, Jansen e Rafael Crespo<\/p><\/div>\n<div id=\"attachment_126072\" style=\"width: 690px\" class=\"wp-caption aligncenter\"><img loading=\"lazy\" decoding=\"async\" aria-describedby=\"caption-attachment-126072\" class=\"wp-image-126072\" src=\"https:\/\/diarioregionaldigital.com.br\/wp-content\/uploads\/2018\/11\/fotog-8.jpg\" alt=\"\" width=\"680\" height=\"510\" srcset=\"https:\/\/diarioregionaldigital.com.br\/wp-content\/uploads\/2018\/11\/fotog-8.jpg 960w, https:\/\/diarioregionaldigital.com.br\/wp-content\/uploads\/2018\/11\/fotog-8-300x225.jpg 300w, https:\/\/diarioregionaldigital.com.br\/wp-content\/uploads\/2018\/11\/fotog-8-768x576.jpg 768w, https:\/\/diarioregionaldigital.com.br\/wp-content\/uploads\/2018\/11\/fotog-8-360x270.jpg 360w\" sizes=\"auto, (max-width: 680px) 100vw, 680px\" \/><p id=\"caption-attachment-126072\" class=\"wp-caption-text\">O lindo casal D\u00e9bora Gonzalez e Felipe Nogueira no almo\u00e7o de domingo no Comarca do Paraybuna<\/p><\/div>\n<div id=\"attachment_126073\" style=\"width: 690px\" class=\"wp-caption aligncenter\"><img loading=\"lazy\" decoding=\"async\" aria-describedby=\"caption-attachment-126073\" class=\"wp-image-126073\" src=\"https:\/\/diarioregionaldigital.com.br\/wp-content\/uploads\/2018\/11\/fotoh-9-e1542741525520.jpg\" alt=\"\" width=\"680\" height=\"487\" srcset=\"https:\/\/diarioregionaldigital.com.br\/wp-content\/uploads\/2018\/11\/fotoh-9-e1542741525520.jpg 957w, https:\/\/diarioregionaldigital.com.br\/wp-content\/uploads\/2018\/11\/fotoh-9-e1542741525520-300x215.jpg 300w, https:\/\/diarioregionaldigital.com.br\/wp-content\/uploads\/2018\/11\/fotoh-9-e1542741525520-768x551.jpg 768w, https:\/\/diarioregionaldigital.com.br\/wp-content\/uploads\/2018\/11\/fotoh-9-e1542741525520-360x258.jpg 360w\" sizes=\"auto, (max-width: 680px) 100vw, 680px\" \/><p id=\"caption-attachment-126073\" class=\"wp-caption-text\">Na festa de anivers\u00e1rio do Clube S\u00edrio Liban\u00eas, Carlos Henrique Batitucci, M\u00f4nica Gomite Guimar\u00e3es e L\u00facia Abdalla<\/p><\/div>\n<div id=\"attachment_126074\" style=\"width: 690px\" class=\"wp-caption aligncenter\"><img loading=\"lazy\" decoding=\"async\" aria-describedby=\"caption-attachment-126074\" class=\"wp-image-126074\" src=\"https:\/\/diarioregionaldigital.com.br\/wp-content\/uploads\/2018\/11\/fotoi-8-e1542741557205.jpg\" alt=\"\" width=\"680\" height=\"571\" srcset=\"https:\/\/diarioregionaldigital.com.br\/wp-content\/uploads\/2018\/11\/fotoi-8-e1542741557205.jpg 715w, https:\/\/diarioregionaldigital.com.br\/wp-content\/uploads\/2018\/11\/fotoi-8-e1542741557205-300x252.jpg 300w, https:\/\/diarioregionaldigital.com.br\/wp-content\/uploads\/2018\/11\/fotoi-8-e1542741557205-360x302.jpg 360w\" sizes=\"auto, (max-width: 680px) 100vw, 680px\" \/><p id=\"caption-attachment-126074\" class=\"wp-caption-text\">Surgindo um novo e talentoso \u2018chef\u2019, Alessandro Debortoli (Piau)<\/p><\/div>\n<div id=\"attachment_126075\" style=\"width: 690px\" class=\"wp-caption aligncenter\"><img loading=\"lazy\" decoding=\"async\" aria-describedby=\"caption-attachment-126075\" class=\"wp-image-126075\" src=\"https:\/\/diarioregionaldigital.com.br\/wp-content\/uploads\/2018\/11\/fotoj-8-e1542741579716.jpg\" alt=\"\" width=\"680\" height=\"506\" srcset=\"https:\/\/diarioregionaldigital.com.br\/wp-content\/uploads\/2018\/11\/fotoj-8-e1542741579716.jpg 779w, https:\/\/diarioregionaldigital.com.br\/wp-content\/uploads\/2018\/11\/fotoj-8-e1542741579716-300x223.jpg 300w, https:\/\/diarioregionaldigital.com.br\/wp-content\/uploads\/2018\/11\/fotoj-8-e1542741579716-768x572.jpg 768w, https:\/\/diarioregionaldigital.com.br\/wp-content\/uploads\/2018\/11\/fotoj-8-e1542741579716-360x268.jpg 360w\" sizes=\"auto, (max-width: 680px) 100vw, 680px\" \/><p id=\"caption-attachment-126075\" class=\"wp-caption-text\">Na Casa Design, o bonit\u00e3o Rodrigo Mota (Natuzzi)<\/p><\/div>\n<p style=\"text-align: center;\"><strong>FOTOSS\u00cdNTESE<\/strong><\/p>\n<p>Em ritmo de Natal Solid\u00e1rio, o Alameda criou a campanha em prol da Funda\u00e7\u00e3o Jo\u00e3o de Freitas. Uma \u00e1rvore de Natal foi montada l\u00e1 e \u00e9 s\u00f3 retirar um cart\u00e3o com depoimento dos idosos. Os presentes dever\u00e3o ser entregues at\u00e9 15 de dezembro.<\/p>\n<p>Entre os dias 21 e 23 acontece pela primeira vez em Minas e tendo Juiz de Fora na linha de frente atrav\u00e9s da Ascomcer, o Congresso da Rede Feminina de Preven\u00e7\u00e3o e Combate ao C\u00e2ncer. Ser\u00e1 no Minascentro\/JF.<\/p>\n<p>Para o dia 23 de novembro, no Unique, a Ambra Associa\u00e7\u00e3o dos Moradores da Regi\u00e3o do Aeroporto, presidida por Henrique Thielmann, promove jantar de confraterniza\u00e7\u00e3o.<\/p>\n<p>Com sonoridade total, a Orquestra Acad\u00eamica da UFJF se apresenta dia 23, na galeria Maria Am\u00e1lia do Museu Mariano Proc\u00f3pio. O objetivo \u00e9 resgatar a presen\u00e7a da m\u00fasica na galeria, que foi cen\u00e1rio de diversas apresenta\u00e7\u00f5es.<\/p>\n<p>S\u00f3cio e diretor da Non Stop, Alex Monteiro participou do Rio Market focalizando as mudan\u00e7as que os influenciadores digitais est\u00e3o provocando no mercado de entretenimento.<\/p>\n<p>A cantora Uiara Leigo lan\u00e7ou o videoclipe \u201dDonos do Destino\u201d, m\u00fasica que faz parte do \u00e1lbum \u201cMeu canto e segredo\u201d, de 2015. Deste vez, a sensa\u00e7\u00e3o \u00e9 uma anima\u00e7\u00e3o criada pela artista Na\u00edza Alves.<\/p>\n<p>Bel\u00edssima, Emiliana C\u00e2ndido passou e deu aquele al\u00f4.<\/p>\n<p>Hoje, 21, tem lan\u00e7amento, \u00e0s 19h, do livro de Faustino Teixeira, na Arteria.<\/p>\n<p>Muito aplaudido, o presidente da igreja de Jesus Cristo dos Santos do \u00daltimos Dias, Pierre Portes dos Santos e o diretor de assuntos p\u00fablicos Tiago Guimar\u00e3es foram agraciados com a \u201cMedalha Santos Dumont\u201d, na Fazenda Cabangu.<\/p>\n<p>Pontuando: \u201cA principal caracter\u00edstica de uma democracia \u00e9 sua capacidade de mudar de rumo ante a insatisfa\u00e7\u00e3o popular ou quando as coisas est\u00e3o dando errado.\u201d (David Runciman). Bom dia.<\/p>\n","protected":false},"excerpt":{"rendered":"<p>CES\/JF Os cursos de Administra\u00e7\u00e3o, Tecnologia em Gest\u00e3o de Recursos Humanos e Tecnologia em Marketing do CES\/JF realizaram a palestra \u201cO L\u00edder Transformador\u201d com o consultor organizacional e coach de S\u00e3o Paulo, Silvio Celestino, realizado no campus Academia, da Rua Halfeld. Quadro de Avisos Indicado para quem precisa e procura uma capacita\u00e7\u00e3o com hor\u00e1rios mais [&hellip;]<\/p>\n","protected":false},"author":96,"featured_media":126062,"comment_status":"closed","ping_status":"closed","sticky":false,"template":"","format":"standard","meta":{"footnotes":""},"categories":[264],"tags":[],"class_list":["post-126102","post","type-post","status-publish","format-standard","has-post-thumbnail","hentry","category-eduardo-gomes"],"_links":{"self":[{"href":"https:\/\/diarioregionaldigital.com.br\/index.php?rest_route=\/wp\/v2\/posts\/126102","targetHints":{"allow":["GET"]}}],"collection":[{"href":"https:\/\/diarioregionaldigital.com.br\/index.php?rest_route=\/wp\/v2\/posts"}],"about":[{"href":"https:\/\/diarioregionaldigital.com.br\/index.php?rest_route=\/wp\/v2\/types\/post"}],"author":[{"embeddable":true,"href":"https:\/\/diarioregionaldigital.com.br\/index.php?rest_route=\/wp\/v2\/users\/96"}],"replies":[{"embeddable":true,"href":"https:\/\/diarioregionaldigital.com.br\/index.php?rest_route=%2Fwp%2Fv2%2Fcomments&post=126102"}],"version-history":[{"count":0,"href":"https:\/\/diarioregionaldigital.com.br\/index.php?rest_route=\/wp\/v2\/posts\/126102\/revisions"}],"wp:featuredmedia":[{"embeddable":true,"href":"https:\/\/diarioregionaldigital.com.br\/index.php?rest_route=\/wp\/v2\/media\/126062"}],"wp:attachment":[{"href":"https:\/\/diarioregionaldigital.com.br\/index.php?rest_route=%2Fwp%2Fv2%2Fmedia&parent=126102"}],"wp:term":[{"taxonomy":"category","embeddable":true,"href":"https:\/\/diarioregionaldigital.com.br\/index.php?rest_route=%2Fwp%2Fv2%2Fcategories&post=126102"},{"taxonomy":"post_tag","embeddable":true,"href":"https:\/\/diarioregionaldigital.com.br\/index.php?rest_route=%2Fwp%2Fv2%2Ftags&post=126102"}],"curies":[{"name":"wp","href":"https:\/\/api.w.org\/{rel}","templated":true}]}}