{"id":126097,"date":"2018-11-20T18:23:32","date_gmt":"2018-11-20T20:23:32","guid":{"rendered":"https:\/\/diarioregionaldigital.com.br\/?p=126097"},"modified":"2018-11-20T18:23:32","modified_gmt":"2018-11-20T20:23:32","slug":"festival-de-fotografia-oferece-exposicoes-oficinas-e-debates","status":"publish","type":"post","link":"https:\/\/diarioregionaldigital.com.br\/?p=126097","title":{"rendered":"Festival de Fotografia oferece exposi\u00e7\u00f5es, oficinas e debates"},"content":{"rendered":"<p>Novembro ser\u00e1 dedicado \u00e0s artes visuais, com a realiza\u00e7\u00e3o do Festival de Fotografia de Juiz de Fora, promovido pelo coletivo JF Fotogr\u00e1fico, com apoio de Pr\u00f3-reitoria de Cultura da UFJF, Museu de Arte Murilo Mendes (MAMM) e Prefeitura Municipal\/Funalfa, entre outras institui\u00e7\u00f5es. A partir de quarta-feira, dia 21, e at\u00e9 22 de dezembro, ser\u00e3o oferecidas nove mostras, todas com visita\u00e7\u00e3o gratuita, al\u00e9m de debates e duas oficinas. O evento mobiliza mais de 90 fot\u00f3grafos locais e de outras cidades, como Rio de Janeiro, Belo Horizonte e Guarani, entre outros.<\/p>\n<p>A proposta \u00e9 celebrar a fotografia, ampliar a visibilidade dessa linguagem art\u00edstica e promover o di\u00e1logo dos profissionais com o p\u00fablico e com o que \u00e9 produzido em outras partes do pa\u00eds e do mundo. Segundo o fot\u00f3grafo S\u00e9rgio Neumann, um dos produtores executivos, o Festival de Fotografia de Juiz de Fora \u00e9 resultado de uma mobiliza\u00e7\u00e3o para ocupar o espa\u00e7o deixado pelo JF Foto, que n\u00e3o ter\u00e1 edi\u00e7\u00e3o em 2018. \u201cEra preciso n\u00e3o perder a sequ\u00eancia desses eventos, que s\u00e3o importantes como resgate e registro hist\u00f3rico. A proposta cresceu muito e tivemos muitos apoios\u201d, afirma Neumann.<\/p>\n<p>O Festival \u00e9 mais uma a\u00e7\u00e3o desenvolvida pelo JF Fotogr\u00e1fico, que teve in\u00edcio h\u00e1 apenas cinco meses como um coletivo virtual e j\u00e1 \u00e9 conhecido pela realiza\u00e7\u00e3o do Varal Fotogr\u00e1fico, que acontece na Pra\u00e7a Armando Toschi (Ministrinho), sempre no terceiro s\u00e1bado do m\u00eas, e que chegou \u00e0 sua quinta edi\u00e7\u00e3o no \u00faltimo dia 17 como uma pr\u00e9via do Festival. \u201cO alcance foi grande. Recebemos convites de outras cidades e hoje temos mais de 300 fot\u00f3grafos no grupo\u201d, relata S\u00e9rgio Neumann, lembrando que o coletivo ainda quer promover iniciativas junto a escolas, periferias e popularizar a fotografia, ocupando a cidade com essa arte.<\/p>\n<p>Para a fot\u00f3grafa Nina Mello, respons\u00e1vel pela exposi\u00e7\u00e3o coletiva A fotografia em Di\u00e1logo com seu Tempo, que integra o Festival e poder\u00e1 ser vista na Galeria Celina Bracher do Centro Cultural Bernardo Mascarenhas (CCBM), o evento \u00e9 uma oportunidade de troca de informa\u00e7\u00e3o, conhecimento e di\u00e1logo, muito necess\u00e1rios em tempos de reflex\u00e3o como o atual: \u201cA fotografia contempor\u00e2nea \u00e9 especial porque \u00e9 uma arte viva, feita no olho do furac\u00e3o\u201d, ressalta Nina Mello, que mediar\u00e1 uma roda de conversa sobre o tema na abertura do Festival, dia 21, \u00e0s 18h, com Ana Rodrigues (Rio), Julia Milward (JF) e Simone Rodrigues (Rio).<\/p>\n<p><strong>\u00a0<\/strong><\/p>\n<p><strong>Oficinas<\/strong><\/p>\n<p>A programa\u00e7\u00e3o do festival \u00e9 aberta a todos os que se interessam por arte e cultura. Al\u00e9m das mostras \u2013 oito no Centro Cultural Bernardo Mascarenhas (CCBM) e uma no Museu Ferrovi\u00e1rio \u2013, ser\u00e3o realizados debates e oficinas. A Oficina de Papel Salgado, ministrado pela professora B\u00e1rbara Almeida (UFJF), acontece no Museu de Arte Murilo Mendes (MAMM). O investimento ser\u00e1 de R$50, com a emiss\u00e3o de certificados para os participantes. S\u00e3o ofertadas apenas dez vagas, e as inscri\u00e7\u00f5es podem ser feitas no Setor de Expediente da Funalfa (Avenida Rio Branco 2.234 \u2013 Centro), das 9h \u00e0s 17 horas.<\/p>\n<p>J\u00e1 a Oficina Fotografia, Periferia e Mem\u00f3ria, com Dante Gastaldoni (UFRJ\/ECO &#8211; Rio) ser\u00e1 gratuita e tamb\u00e9m assegura certificado aos participantes. Para garantir uma das 25 vagas, \u00e9 preciso formalizar inscri\u00e7\u00e3o no Setor de Expediente da Funalfa ou na Escola Municipal Santa C\u00e2ndida (Rua Jorge Raimundo 531 \u2013 bairro Santa C\u00e2ndida), onde a oficina ser\u00e1 realizada.<\/p>\n<p>Fonte: Assessoria<\/p>\n","protected":false},"excerpt":{"rendered":"<p>Novembro ser\u00e1 dedicado \u00e0s artes visuais, com a realiza\u00e7\u00e3o do Festival de Fotografia de Juiz de Fora, promovido pelo coletivo JF Fotogr\u00e1fico, com apoio de Pr\u00f3-reitoria de Cultura da UFJF, Museu de Arte Murilo Mendes (MAMM) e Prefeitura Municipal\/Funalfa, entre outras institui\u00e7\u00f5es. A partir de quarta-feira, dia 21, e at\u00e9 22 de dezembro, ser\u00e3o oferecidas [&hellip;]<\/p>\n","protected":false},"author":96,"featured_media":126098,"comment_status":"closed","ping_status":"closed","sticky":false,"template":"","format":"standard","meta":{"footnotes":""},"categories":[253,436,439],"tags":[],"class_list":["post-126097","post","type-post","status-publish","format-standard","has-post-thumbnail","hentry","category-cidade","category-destaque-da-semana","category-ultima-hora"],"_links":{"self":[{"href":"https:\/\/diarioregionaldigital.com.br\/index.php?rest_route=\/wp\/v2\/posts\/126097","targetHints":{"allow":["GET"]}}],"collection":[{"href":"https:\/\/diarioregionaldigital.com.br\/index.php?rest_route=\/wp\/v2\/posts"}],"about":[{"href":"https:\/\/diarioregionaldigital.com.br\/index.php?rest_route=\/wp\/v2\/types\/post"}],"author":[{"embeddable":true,"href":"https:\/\/diarioregionaldigital.com.br\/index.php?rest_route=\/wp\/v2\/users\/96"}],"replies":[{"embeddable":true,"href":"https:\/\/diarioregionaldigital.com.br\/index.php?rest_route=%2Fwp%2Fv2%2Fcomments&post=126097"}],"version-history":[{"count":0,"href":"https:\/\/diarioregionaldigital.com.br\/index.php?rest_route=\/wp\/v2\/posts\/126097\/revisions"}],"wp:featuredmedia":[{"embeddable":true,"href":"https:\/\/diarioregionaldigital.com.br\/index.php?rest_route=\/wp\/v2\/media\/126098"}],"wp:attachment":[{"href":"https:\/\/diarioregionaldigital.com.br\/index.php?rest_route=%2Fwp%2Fv2%2Fmedia&parent=126097"}],"wp:term":[{"taxonomy":"category","embeddable":true,"href":"https:\/\/diarioregionaldigital.com.br\/index.php?rest_route=%2Fwp%2Fv2%2Fcategories&post=126097"},{"taxonomy":"post_tag","embeddable":true,"href":"https:\/\/diarioregionaldigital.com.br\/index.php?rest_route=%2Fwp%2Fv2%2Ftags&post=126097"}],"curies":[{"name":"wp","href":"https:\/\/api.w.org\/{rel}","templated":true}]}}