{"id":126088,"date":"2018-11-20T17:41:13","date_gmt":"2018-11-20T19:41:13","guid":{"rendered":"https:\/\/diarioregionaldigital.com.br\/?p=126088"},"modified":"2018-11-20T17:41:13","modified_gmt":"2018-11-20T19:41:13","slug":"foco-da-petrobras-deve-ser-exploracao-do-pre-sal-diz-castello-branco","status":"publish","type":"post","link":"https:\/\/diarioregionaldigital.com.br\/?p=126088","title":{"rendered":"Foco da Petrobras deve ser explora\u00e7\u00e3o do pr\u00e9-sal, diz Castello Branco"},"content":{"rendered":"<p>O economista Roberto Castello Branco, indicado pelo presidente eleito, Jair Bolsonaro, para o comando da Petrobras a partir do ano que vem, disse que o foco da empresa deve ser a acelera\u00e7\u00e3o da explora\u00e7\u00e3o do pr\u00e9-sal.<\/p>\n<p>Castello Branco esteve reunido na manh\u00e3 de nesta ter\u00e7a-feira, 20, com a equipe de transi\u00e7\u00e3o do novo governo no Centro Cultural do Banco do Brasil (CCBB).<\/p>\n<p>De acordo com ele, os planos para o futuro da empresa ser\u00e3o detalhados em breve, incluindo as privatiza\u00e7\u00f5es. Na segunda-feira, 19, Bolsonaro disse que a Petrobras \u00e9 uma empresa estrat\u00e9gica e que deve continuar existindo, mas que pode ser privatizada em parte.<\/p>\n<p>Fonte: Ag\u00eancia Brasil<\/p>\n","protected":false},"excerpt":{"rendered":"<p>O economista Roberto Castello Branco, indicado pelo presidente eleito, Jair Bolsonaro, para o comando da Petrobras a partir do ano que vem, disse que o foco da empresa deve ser a acelera\u00e7\u00e3o da explora\u00e7\u00e3o do pr\u00e9-sal. Castello Branco esteve reunido na manh\u00e3 de nesta ter\u00e7a-feira, 20, com a equipe de transi\u00e7\u00e3o do novo governo no [&hellip;]<\/p>\n","protected":false},"author":96,"featured_media":126089,"comment_status":"closed","ping_status":"closed","sticky":false,"template":"","format":"standard","meta":{"footnotes":""},"categories":[436,254,439],"tags":[],"class_list":["post-126088","post","type-post","status-publish","format-standard","has-post-thumbnail","hentry","category-destaque-da-semana","category-politica","category-ultima-hora"],"_links":{"self":[{"href":"https:\/\/diarioregionaldigital.com.br\/index.php?rest_route=\/wp\/v2\/posts\/126088","targetHints":{"allow":["GET"]}}],"collection":[{"href":"https:\/\/diarioregionaldigital.com.br\/index.php?rest_route=\/wp\/v2\/posts"}],"about":[{"href":"https:\/\/diarioregionaldigital.com.br\/index.php?rest_route=\/wp\/v2\/types\/post"}],"author":[{"embeddable":true,"href":"https:\/\/diarioregionaldigital.com.br\/index.php?rest_route=\/wp\/v2\/users\/96"}],"replies":[{"embeddable":true,"href":"https:\/\/diarioregionaldigital.com.br\/index.php?rest_route=%2Fwp%2Fv2%2Fcomments&post=126088"}],"version-history":[{"count":0,"href":"https:\/\/diarioregionaldigital.com.br\/index.php?rest_route=\/wp\/v2\/posts\/126088\/revisions"}],"wp:featuredmedia":[{"embeddable":true,"href":"https:\/\/diarioregionaldigital.com.br\/index.php?rest_route=\/wp\/v2\/media\/126089"}],"wp:attachment":[{"href":"https:\/\/diarioregionaldigital.com.br\/index.php?rest_route=%2Fwp%2Fv2%2Fmedia&parent=126088"}],"wp:term":[{"taxonomy":"category","embeddable":true,"href":"https:\/\/diarioregionaldigital.com.br\/index.php?rest_route=%2Fwp%2Fv2%2Fcategories&post=126088"},{"taxonomy":"post_tag","embeddable":true,"href":"https:\/\/diarioregionaldigital.com.br\/index.php?rest_route=%2Fwp%2Fv2%2Ftags&post=126088"}],"curies":[{"name":"wp","href":"https:\/\/api.w.org\/{rel}","templated":true}]}}