{"id":126085,"date":"2018-11-20T17:37:51","date_gmt":"2018-11-20T19:37:51","guid":{"rendered":"https:\/\/diarioregionaldigital.com.br\/?p=126085"},"modified":"2018-11-20T17:37:51","modified_gmt":"2018-11-20T19:37:51","slug":"estudantes-de-27-cursos-devem-realizar-o-enade-no-proximo-domingo","status":"publish","type":"post","link":"https:\/\/diarioregionaldigital.com.br\/?p=126085","title":{"rendered":"Estudantes de 27 cursos devem realizar o Enade no pr\u00f3ximo domingo"},"content":{"rendered":"<p>Mais de 500 mil alunos que est\u00e3o concluindo a gradua\u00e7\u00e3o devem realizar o Exame Nacional de Desempenho de Estudantes (Enade) no pr\u00f3ximo domingo, 25. Para fazer a prova, todos os inscritos devem preencher o Question\u00e1rio do Estudante at\u00e9 as 23h59 (hor\u00e1rio de Bras\u00edlia) de 21 de novembro.<\/p>\n<p>A participa\u00e7\u00e3o no Enade \u00e9 requisito para cola\u00e7\u00e3o de grau. Neste ano, o exame deve ser feito por estudantes de cursos de 27 \u00e1reas. No grau de bacharel, ser\u00e3o avaliados os alunos concluintes dos cursos de Administra\u00e7\u00e3o; Administra\u00e7\u00e3o P\u00fablica; Ci\u00eancias Cont\u00e1beis; Ci\u00eancias Econ\u00f4micas; Comunica\u00e7\u00e3o Social \u2013 Jornalismo; Comunica\u00e7\u00e3o Social &#8211; Publicidade e Propaganda; Design; Direito; Psicologia; Rela\u00e7\u00f5es Internacionais; Secretariado Executivo; Servi\u00e7o Social; Teologia e Turismo.<\/p>\n<p>No grau de tecn\u00f3logo, ser\u00e3o avaliados os estudantes de Tecnologia em Com\u00e9rcio Exterior; Tecnologia em Design de Interiores; Tecnologia em Design de Moda; Tecnologia em Design Gr\u00e1fico; Tecnologia em Gastronomia; Tecnologia em Gest\u00e3o Comercial; Tecnologia em Gest\u00e3o da Qualidade; Tecnologia em Gest\u00e3o de Recursos Humanos; Tecnologia em Gest\u00e3o Financeira; Tecnologia em Gest\u00e3o P\u00fablica; Tecnologia em Log\u00edstica; Tecnologia em Marketing; Tecnologia em Processos Gerenciais.<\/p>\n<p>O cart\u00e3o de confirma\u00e7\u00e3o deve ser acessado pelo\u00a0<a href=\"http:\/\/enade.inep.gov.br\/enade\/#!\/index\" target=\"_blank\" rel=\"noopener\" data-tippreview-enabled=\"false\" data-tippreview-image=\"\" data-tippreview-title=\"\">sistema Enade<\/a>, dispon\u00edvel no site do Instituto Nacional de Estudos e Pesquisas Educacionais An\u00edsio Teixeira (Inep) e tamb\u00e9m no aplicativo Enade para celulares.<\/p>\n<p><span class=\"discreet\">Fonte: <a class=\"external-link\" title=\"\" href=\"http:\/\/portal.inep.gov.br\/web\/guest\/inicio\" target=\"_blank\" rel=\"noopener\" data-tippreview-enabled=\"false\" data-tippreview-image=\"\" data-tippreview-title=\"\">Inep<\/a><\/span><\/p>\n","protected":false},"excerpt":{"rendered":"<p>Mais de 500 mil alunos que est\u00e3o concluindo a gradua\u00e7\u00e3o devem realizar o Exame Nacional de Desempenho de Estudantes (Enade) no pr\u00f3ximo domingo, 25. Para fazer a prova, todos os inscritos devem preencher o Question\u00e1rio do Estudante at\u00e9 as 23h59 (hor\u00e1rio de Bras\u00edlia) de 21 de novembro. A participa\u00e7\u00e3o no Enade \u00e9 requisito para cola\u00e7\u00e3o [&hellip;]<\/p>\n","protected":false},"author":96,"featured_media":126086,"comment_status":"closed","ping_status":"closed","sticky":false,"template":"","format":"standard","meta":{"footnotes":""},"categories":[302,436,439],"tags":[],"class_list":["post-126085","post","type-post","status-publish","format-standard","has-post-thumbnail","hentry","category-brasil-mundo","category-destaque-da-semana","category-ultima-hora"],"_links":{"self":[{"href":"https:\/\/diarioregionaldigital.com.br\/index.php?rest_route=\/wp\/v2\/posts\/126085","targetHints":{"allow":["GET"]}}],"collection":[{"href":"https:\/\/diarioregionaldigital.com.br\/index.php?rest_route=\/wp\/v2\/posts"}],"about":[{"href":"https:\/\/diarioregionaldigital.com.br\/index.php?rest_route=\/wp\/v2\/types\/post"}],"author":[{"embeddable":true,"href":"https:\/\/diarioregionaldigital.com.br\/index.php?rest_route=\/wp\/v2\/users\/96"}],"replies":[{"embeddable":true,"href":"https:\/\/diarioregionaldigital.com.br\/index.php?rest_route=%2Fwp%2Fv2%2Fcomments&post=126085"}],"version-history":[{"count":0,"href":"https:\/\/diarioregionaldigital.com.br\/index.php?rest_route=\/wp\/v2\/posts\/126085\/revisions"}],"wp:featuredmedia":[{"embeddable":true,"href":"https:\/\/diarioregionaldigital.com.br\/index.php?rest_route=\/wp\/v2\/media\/126086"}],"wp:attachment":[{"href":"https:\/\/diarioregionaldigital.com.br\/index.php?rest_route=%2Fwp%2Fv2%2Fmedia&parent=126085"}],"wp:term":[{"taxonomy":"category","embeddable":true,"href":"https:\/\/diarioregionaldigital.com.br\/index.php?rest_route=%2Fwp%2Fv2%2Fcategories&post=126085"},{"taxonomy":"post_tag","embeddable":true,"href":"https:\/\/diarioregionaldigital.com.br\/index.php?rest_route=%2Fwp%2Fv2%2Ftags&post=126085"}],"curies":[{"name":"wp","href":"https:\/\/api.w.org\/{rel}","templated":true}]}}