{"id":126082,"date":"2018-11-20T17:30:23","date_gmt":"2018-11-20T19:30:23","guid":{"rendered":"https:\/\/diarioregionaldigital.com.br\/?p=126082"},"modified":"2018-11-20T17:30:23","modified_gmt":"2018-11-20T19:30:23","slug":"fgts-tera-r-9-bilhoes-para-descontos-em-financiamentos-de-pessoas-fisicas","status":"publish","type":"post","link":"https:\/\/diarioregionaldigital.com.br\/?p=126082","title":{"rendered":"FGTS ter\u00e1 R$ 9 bilh\u00f5es para descontos em financiamentos de pessoas f\u00edsicas"},"content":{"rendered":"<p><a class=\"external-link\" title=\"\" href=\"http:\/\/www.imprensanacional.gov.br\/materia\/-\/asset_publisher\/Kujrw0TZC2Mb\/content\/id\/50684075\" target=\"_blank\" rel=\"noopener\" data-tippreview-enabled=\"false\" data-tippreview-image=\"\" data-tippreview-title=\"\">Resolu\u00e7\u00e3o do\u00a0Conselho Curador do Fundo de Garantia do Tempo de Servi\u00e7o (FGTS)<\/a>\u00a0prev\u00ea\u00a0R$ 9 bilh\u00f5es para a concess\u00e3o de descontos nos financiamentos feitos por pessoas f\u00edsicas. O valor est\u00e1 previsto nos\u00a0or\u00e7amentos financeiro, operacional e econ\u00f4mico do FGTS para 2019, que foram publicados na edi\u00e7\u00e3o desta segunda-feira, 19, do\u00a0<em>Di\u00e1rio Oficial da Uni\u00e3o<\/em>\u00a0(DOU).<\/p>\n<p>Tamb\u00e9m foi anunciado o or\u00e7amento plurianual do FGTS para o per\u00edodo 2019-2022. No ano que vem, o plano de contrata\u00e7\u00f5es prev\u00ea R$ 78,6 bilh\u00f5es em investimentos voltados \u00e0 habita\u00e7\u00e3o, saneamento b\u00e1sico, infraestrutura urbana, opera\u00e7\u00f5es urbanas consorciadas e FGTS-Sa\u00fade. Para o tri\u00eanio 2020-2022, os valores ser\u00e3o de R$ 78,3 bi, R$ 76,2 bi e R$ 75,7 bi.<\/p>\n<p>Para o exerc\u00edcio de 2019, ainda foi fixada em 7,3% ao ano a Taxa Referencial do Sistema Especial de Liquida\u00e7\u00e3o e Cust\u00f3dia (SELIC).<\/p>\n<p><span class=\"discreet\">Fonte: Governo do Brasil, com informa\u00e7\u00f5es do\u00a0<a class=\"external-link\" title=\"\" href=\"http:\/\/www.imprensanacional.gov.br\/web\/guest\/inicio\" target=\"_blank\" rel=\"noopener\" data-tippreview-enabled=\"false\" data-tippreview-image=\"\" data-tippreview-title=\"\">Di\u00e1rio Oficial da Uni\u00e3o<\/a><\/span><\/p>\n","protected":false},"excerpt":{"rendered":"<p>Resolu\u00e7\u00e3o do\u00a0Conselho Curador do Fundo de Garantia do Tempo de Servi\u00e7o (FGTS)\u00a0prev\u00ea\u00a0R$ 9 bilh\u00f5es para a concess\u00e3o de descontos nos financiamentos feitos por pessoas f\u00edsicas. O valor est\u00e1 previsto nos\u00a0or\u00e7amentos financeiro, operacional e econ\u00f4mico do FGTS para 2019, que foram publicados na edi\u00e7\u00e3o desta segunda-feira, 19, do\u00a0Di\u00e1rio Oficial da Uni\u00e3o\u00a0(DOU). Tamb\u00e9m foi anunciado o or\u00e7amento [&hellip;]<\/p>\n","protected":false},"author":96,"featured_media":126083,"comment_status":"closed","ping_status":"closed","sticky":false,"template":"","format":"standard","meta":{"footnotes":""},"categories":[436,261,439],"tags":[],"class_list":["post-126082","post","type-post","status-publish","format-standard","has-post-thumbnail","hentry","category-destaque-da-semana","category-economia","category-ultima-hora"],"_links":{"self":[{"href":"https:\/\/diarioregionaldigital.com.br\/index.php?rest_route=\/wp\/v2\/posts\/126082","targetHints":{"allow":["GET"]}}],"collection":[{"href":"https:\/\/diarioregionaldigital.com.br\/index.php?rest_route=\/wp\/v2\/posts"}],"about":[{"href":"https:\/\/diarioregionaldigital.com.br\/index.php?rest_route=\/wp\/v2\/types\/post"}],"author":[{"embeddable":true,"href":"https:\/\/diarioregionaldigital.com.br\/index.php?rest_route=\/wp\/v2\/users\/96"}],"replies":[{"embeddable":true,"href":"https:\/\/diarioregionaldigital.com.br\/index.php?rest_route=%2Fwp%2Fv2%2Fcomments&post=126082"}],"version-history":[{"count":0,"href":"https:\/\/diarioregionaldigital.com.br\/index.php?rest_route=\/wp\/v2\/posts\/126082\/revisions"}],"wp:featuredmedia":[{"embeddable":true,"href":"https:\/\/diarioregionaldigital.com.br\/index.php?rest_route=\/wp\/v2\/media\/126083"}],"wp:attachment":[{"href":"https:\/\/diarioregionaldigital.com.br\/index.php?rest_route=%2Fwp%2Fv2%2Fmedia&parent=126082"}],"wp:term":[{"taxonomy":"category","embeddable":true,"href":"https:\/\/diarioregionaldigital.com.br\/index.php?rest_route=%2Fwp%2Fv2%2Fcategories&post=126082"},{"taxonomy":"post_tag","embeddable":true,"href":"https:\/\/diarioregionaldigital.com.br\/index.php?rest_route=%2Fwp%2Fv2%2Ftags&post=126082"}],"curies":[{"name":"wp","href":"https:\/\/api.w.org\/{rel}","templated":true}]}}