{"id":126076,"date":"2018-11-20T17:16:02","date_gmt":"2018-11-20T19:16:02","guid":{"rendered":"https:\/\/diarioregionaldigital.com.br\/?p=126076"},"modified":"2018-11-20T17:16:02","modified_gmt":"2018-11-20T19:16:02","slug":"estudante-podera-escolher-area-a-ser-avaliada-no-segundo-dia-do-enem","status":"publish","type":"post","link":"https:\/\/diarioregionaldigital.com.br\/?p=126076","title":{"rendered":"Estudante poder\u00e1 escolher \u00e1rea a ser avaliada no segundo dia do Enem"},"content":{"rendered":"<p>Os estudantes inscritos no Exame Nacional do Ensino M\u00e9dio (Enem) poder\u00e3o escolher qual avalia\u00e7\u00e3o far\u00e3o no segundo dia do teste. No primeiro dia, ser\u00e1 cobrado o conte\u00fado comum ensinado a todos os estudantes do pa\u00eds. O novo modelo foi apresentado nesta ter\u00e7a-feira, 20, pelo ministro da Educa\u00e7\u00e3o, Rossieli Soares. O exame, no entanto, n\u00e3o ser\u00e1 mudado no ano que vem, o que deve ocorrer em 2021.<\/p>\n<p>As mudan\u00e7as s\u00e3o necess\u00e1rias para adequar o Enem ao novo ensino m\u00e9dio, cuja lei foi aprovada em 2017. Pela nova lei, os estudantes passar\u00e3o por uma forma\u00e7\u00e3o comum a todo o pa\u00eds, definida pela chamada Base Nacional Comum Curricular (BNCC), que ainda est\u00e1 em discuss\u00e3o no Conselho Nacional de Educa\u00e7\u00e3o (CNE), e por uma forma\u00e7\u00e3o espec\u00edfica, que poder\u00e1 ser em linguagens, matem\u00e1tica, ci\u00eancias da natureza, ci\u00eancias humanas ou ensino t\u00e9cnico.<\/p>\n<p>O Enem seguir\u00e1 o mesmo modelo. No primeiro dia, ser\u00e1 cobrada a BNCC e, no segundo, o estudante ser\u00e1 avaliado de acordo com o itiner\u00e1rio escolhido. \u201cO Enem tem que ser reflexo do ensino m\u00e9dio que a gente deseja. Se vai ter flexibilidade, o itiner\u00e1rio n\u00e3o \u00e9 s\u00f3 aprofundamento, s\u00e3o caminhos diferenciados, tem que fazer avalia\u00e7\u00e3o desses itiner\u00e1rios\u201d, disse Rossieli Soares.<\/p>\n<p>As mudan\u00e7as no Enem est\u00e3o previstas nas novas Diretrizes Curriculares Nacionais do ensino m\u00e9dio, homologadas nesta ter\u00e7a-feira pelo ministro.<\/p>\n<p>Para entrar em pr\u00e1tica, no entanto, \u00e9 preciso que a BNCC seja aprovada pelo CNE. O Minist\u00e9rio da Educa\u00e7\u00e3o (MEC) pretende ver a Base Nacional Curricular aprovada ainda este ano, mas isso depender da agenda do CNE.<\/p>\n<p>Questionado sobre a possibilidadede as mudan\u00e7as previstas no Enem n\u00e3o serem implementadas no pr\u00f3ximo governo, o ministro Rossieli Soares disse que, para isso, o novo presidente teria que mudar as normas vigentes. \u201cCabe ao novo governo avaliar e implementar as pol\u00edticas, mas o que \u00e9 normal \u00e9 que deve ser cumprido, a n\u00e3o ser que ele mexa na norma. As diretrizes s\u00e3o normas que estar\u00e3o vigentes para o Brasil, ent\u00e3o, dever\u00e3o ser seguidas em todo o Brasil\u201d, afirmou o ministro.<\/p>\n<p>Ele ressaltou que muito da implementa\u00e7\u00e3o do novo ensino m\u00e9dio caber\u00e1 ao novo governo, que ter\u00e1 que cuidar da escolha dos livros did\u00e1ticos, da forma\u00e7\u00e3o de professores e de novas avalia\u00e7\u00f5es da etapa. \u201cA constru\u00e7\u00e3o da matriz de avalia\u00e7\u00e3o, a constru\u00e7\u00e3o real do Enem e do novo Enem caber\u00e1 ao novo governo, que dever\u00e1, nos primeiros anos fazer um s\u00e9rie de constru\u00e7\u00f5es.\u201d<\/p>\n<p>At\u00e9 o fim do ano, o governo deve definir os referenciais que ser\u00e3o usados pelas as escolas e as redes de ensino na oferta dos itiner\u00e1rios formativos. Pelas novas diretrizes, os itiner\u00e1rios dever\u00e3o estar organizados, cada um deles seguindo os seguintes requisitos: investiga\u00e7\u00e3o cient\u00edfica, processos criativos, media\u00e7\u00e3o e interven\u00e7\u00e3o sociocultural e empreendedorismo. Cada munic\u00edpio dever\u00e1 ofertar pelo menos dois itiner\u00e1rios em \u00e1reas distintas para que os estudantes possam escolher.<\/p>\n<p>Fonte: Ag\u00eancia Brasil<\/p>\n","protected":false},"excerpt":{"rendered":"<p>Os estudantes inscritos no Exame Nacional do Ensino M\u00e9dio (Enem) poder\u00e3o escolher qual avalia\u00e7\u00e3o far\u00e3o no segundo dia do teste. No primeiro dia, ser\u00e1 cobrado o conte\u00fado comum ensinado a todos os estudantes do pa\u00eds. O novo modelo foi apresentado nesta ter\u00e7a-feira, 20, pelo ministro da Educa\u00e7\u00e3o, Rossieli Soares. O exame, no entanto, n\u00e3o ser\u00e1 [&hellip;]<\/p>\n","protected":false},"author":96,"featured_media":126077,"comment_status":"closed","ping_status":"closed","sticky":false,"template":"","format":"standard","meta":{"footnotes":""},"categories":[302,436,439],"tags":[],"class_list":["post-126076","post","type-post","status-publish","format-standard","has-post-thumbnail","hentry","category-brasil-mundo","category-destaque-da-semana","category-ultima-hora"],"_links":{"self":[{"href":"https:\/\/diarioregionaldigital.com.br\/index.php?rest_route=\/wp\/v2\/posts\/126076","targetHints":{"allow":["GET"]}}],"collection":[{"href":"https:\/\/diarioregionaldigital.com.br\/index.php?rest_route=\/wp\/v2\/posts"}],"about":[{"href":"https:\/\/diarioregionaldigital.com.br\/index.php?rest_route=\/wp\/v2\/types\/post"}],"author":[{"embeddable":true,"href":"https:\/\/diarioregionaldigital.com.br\/index.php?rest_route=\/wp\/v2\/users\/96"}],"replies":[{"embeddable":true,"href":"https:\/\/diarioregionaldigital.com.br\/index.php?rest_route=%2Fwp%2Fv2%2Fcomments&post=126076"}],"version-history":[{"count":0,"href":"https:\/\/diarioregionaldigital.com.br\/index.php?rest_route=\/wp\/v2\/posts\/126076\/revisions"}],"wp:featuredmedia":[{"embeddable":true,"href":"https:\/\/diarioregionaldigital.com.br\/index.php?rest_route=\/wp\/v2\/media\/126077"}],"wp:attachment":[{"href":"https:\/\/diarioregionaldigital.com.br\/index.php?rest_route=%2Fwp%2Fv2%2Fmedia&parent=126076"}],"wp:term":[{"taxonomy":"category","embeddable":true,"href":"https:\/\/diarioregionaldigital.com.br\/index.php?rest_route=%2Fwp%2Fv2%2Fcategories&post=126076"},{"taxonomy":"post_tag","embeddable":true,"href":"https:\/\/diarioregionaldigital.com.br\/index.php?rest_route=%2Fwp%2Fv2%2Ftags&post=126076"}],"curies":[{"name":"wp","href":"https:\/\/api.w.org\/{rel}","templated":true}]}}