{"id":126057,"date":"2018-11-20T14:53:51","date_gmt":"2018-11-20T16:53:51","guid":{"rendered":"https:\/\/diarioregionaldigital.com.br\/?p=126057"},"modified":"2018-11-20T15:06:43","modified_gmt":"2018-11-20T17:06:43","slug":"divulgada-tabela-do-mineiro-sicoob-2019-e-classico-tu-tu-tem-data-marcada","status":"publish","type":"post","link":"https:\/\/diarioregionaldigital.com.br\/?p=126057","title":{"rendered":"Divulgada Tabela do Mineiro Sicoob 2019 e cl\u00e1ssico \u201cTu-tu\u201d tem data marcada"},"content":{"rendered":"<p>A tabela do Campeonato Mineiro Sicoob 2019 foi divulgada na manh\u00e3 da \u00faltima segunda-feira, 19, no audit\u00f3rio da sede central do Sicoob, patrocinador m\u00e1ster do campeonato estadual mais moderno do Brasil.<\/p>\n<p>&nbsp;<\/p>\n<p>O Campeonato Mineiro Sicoob \u00e9 organizado levando em conta o interesse de todos os seus filiados, respeitando os compromissos de todos os clubes envolvidos ao longo da temporada. O calend\u00e1rio enxuto, elogiado em todo o pa\u00eds, foi mantido em respeito ao Estatuto do Torcedor, que exige a repeti\u00e7\u00e3o do formato da competi\u00e7\u00e3o por pelo menos 2 anos consecutivos.<\/p>\n<p>&nbsp;<\/p>\n<p>Utilizando 16 das 18 datas dispon\u00edveis no calend\u00e1rio nacional divulgado pela CBF, mais uma vez os clubes mineiros jogar\u00e3o 11 rodadas na fase de classifica\u00e7\u00e3o, antes das quartas de final em jogo \u00fanico e semifinal e final em ida e volta.<\/p>\n<p>&nbsp;<\/p>\n<p>O VAR ser\u00e1 utilizado a partir das semis, com despesas garantidas pela FMF, em mais uma atitude pioneira no pa\u00eds. O investimento refor\u00e7a o foco da atual gest\u00e3o da Federa\u00e7\u00e3o Mineira de Futebol, que busca trazer modernidade e estrutura para os clubes, respeitando e valorizando as ra\u00edzes do nosso campeonato.<\/p>\n<p>&nbsp;<\/p>\n<p><strong>\u201cTu-tu\u201d<\/strong><\/p>\n<p>A tabela completa da primeira fase do Campeonato Mineiro da Primeira Divis\u00e3o \u2013 M\u00f3dulo I 2019 acaba de ser divulgada pela Diretoria de Competi\u00e7\u00f5es (DCO) da Federa\u00e7\u00e3o Mineira de Futebol (FMF).<\/p>\n<p>O jogo de estreia da competi\u00e7\u00e3o ser\u00e1 no dia 19 de janeiro, entre Guarani e Cruzeiro, no Fari\u00e3o, em Divin\u00f3polis, \u00e0s 17h.<\/p>\n<p>O Galo Carij\u00f3 estreia na competi\u00e7\u00e3o em 20 de janeiro, \u00e0s 11h, no Municipal, quando recebe o Tombense \u2013 as agremia\u00e7\u00f5es reeditam as quartas-de-final da \u00faltima edi\u00e7\u00e3o do torneio, ocasi\u00e3o em que o Tupi eliminou o clube de Tombos nos p\u00eanaltis.<\/p>\n<p>O Le\u00e3o do Po\u00e7o Rico estreia no dia 20 de janeiro (domingo), \u00e0s 11h, em Nova Lima, diante do Villa Nova.<\/p>\n<p>Deixando a rivalidade de lado, as diretorias do Tupi Foot Ball Club e Tupynamb\u00e1s Futebol Clube selaram um acordo, na manh\u00e3 desta segunda-feira, 19, na sede da Federa\u00e7\u00e3o Mineira, em Belo Horizonte, e far\u00e3o o cl\u00e1ssico regional, denominado de \u201cTu-Tu\u201d, em conjunto. A \u00faltima partida profissional entre as equipes ocorreu h\u00e1 48 anos.<\/p>\n<p>O \u201cTu-Tu\u201d, que acontecer\u00e1 na segunda rodada, ser\u00e1 no dia 23 de janeiro (quarta-feira), \u00e0s 20h00,\u00a0 no Est\u00e1dio Municipal Radialista M\u00e1rio Hel\u00eanio. Em acordo entre as partes, tanto a promo\u00e7\u00e3o da partida, quanto \u00e0s receitas e despesas, ser\u00e3o divididas. O acordo entre as partes valer\u00e1 para as temporadas de 2019 e 2020.<\/p>\n<p>&nbsp;<\/p>\n<p>Fonte: FMF<\/p>\n","protected":false},"excerpt":{"rendered":"<p>A tabela do Campeonato Mineiro Sicoob 2019 foi divulgada na manh\u00e3 da \u00faltima segunda-feira, 19, no audit\u00f3rio da sede central do Sicoob, patrocinador m\u00e1ster do campeonato estadual mais moderno do Brasil. &nbsp; O Campeonato Mineiro Sicoob \u00e9 organizado levando em conta o interesse de todos os seus filiados, respeitando os compromissos de todos os clubes [&hellip;]<\/p>\n","protected":false},"author":96,"featured_media":126058,"comment_status":"closed","ping_status":"closed","sticky":false,"template":"","format":"standard","meta":{"footnotes":""},"categories":[257,439],"tags":[],"class_list":["post-126057","post","type-post","status-publish","format-standard","has-post-thumbnail","hentry","category-esporte","category-ultima-hora"],"_links":{"self":[{"href":"https:\/\/diarioregionaldigital.com.br\/index.php?rest_route=\/wp\/v2\/posts\/126057","targetHints":{"allow":["GET"]}}],"collection":[{"href":"https:\/\/diarioregionaldigital.com.br\/index.php?rest_route=\/wp\/v2\/posts"}],"about":[{"href":"https:\/\/diarioregionaldigital.com.br\/index.php?rest_route=\/wp\/v2\/types\/post"}],"author":[{"embeddable":true,"href":"https:\/\/diarioregionaldigital.com.br\/index.php?rest_route=\/wp\/v2\/users\/96"}],"replies":[{"embeddable":true,"href":"https:\/\/diarioregionaldigital.com.br\/index.php?rest_route=%2Fwp%2Fv2%2Fcomments&post=126057"}],"version-history":[{"count":0,"href":"https:\/\/diarioregionaldigital.com.br\/index.php?rest_route=\/wp\/v2\/posts\/126057\/revisions"}],"wp:featuredmedia":[{"embeddable":true,"href":"https:\/\/diarioregionaldigital.com.br\/index.php?rest_route=\/wp\/v2\/media\/126058"}],"wp:attachment":[{"href":"https:\/\/diarioregionaldigital.com.br\/index.php?rest_route=%2Fwp%2Fv2%2Fmedia&parent=126057"}],"wp:term":[{"taxonomy":"category","embeddable":true,"href":"https:\/\/diarioregionaldigital.com.br\/index.php?rest_route=%2Fwp%2Fv2%2Fcategories&post=126057"},{"taxonomy":"post_tag","embeddable":true,"href":"https:\/\/diarioregionaldigital.com.br\/index.php?rest_route=%2Fwp%2Fv2%2Ftags&post=126057"}],"curies":[{"name":"wp","href":"https:\/\/api.w.org\/{rel}","templated":true}]}}