{"id":126050,"date":"2018-11-20T12:35:06","date_gmt":"2018-11-20T14:35:06","guid":{"rendered":"https:\/\/diarioregionaldigital.com.br\/?p=126050"},"modified":"2018-11-20T12:35:06","modified_gmt":"2018-11-20T14:35:06","slug":"fisioterapeuta-obtem-adequacao-de-carga-horaria-2","status":"publish","type":"post","link":"https:\/\/diarioregionaldigital.com.br\/?p=126050","title":{"rendered":"Fisioterapeuta obt\u00e9m adequa\u00e7\u00e3o de carga hor\u00e1ria"},"content":{"rendered":"<p>O Tribunal de Justi\u00e7a de Minas Gerais (TJMG) manteve decis\u00e3o da Comarca de Juiz de Fora que condenou o munic\u00edpio-sede a adequar a carga hor\u00e1ria de uma fisioterapeuta da rede de sa\u00fade p\u00fablica, conforme previs\u00e3o legal, sem reajustar a remunera\u00e7\u00e3o dela.<\/p>\n<p>A servidora argumentou, em mandado de seguran\u00e7a, que, embora a Lei Federal 8.856\/1994 estabele\u00e7a para os fisioterapeutas jornada semanal de 30 horas, ela cumpria carga hor\u00e1ria de 40 horas.<\/p>\n<p>Em primeira inst\u00e2ncia, a ju\u00edza Roberta Ara\u00fajo de Carvalho Maciel deferiu a liminar e determinou que a prefeitura ajustasse a carga hor\u00e1ria da autora, nos termos da lei federal mencionada, mantendo a remunera\u00e7\u00e3o inicial.<\/p>\n<p>O Munic\u00edpio de Juiz de Fora defendeu que, em rela\u00e7\u00e3o ao pedido da impetrante, n\u00e3o havia perigo na demora, o que impedia a concess\u00e3o da liminar pleiteada. Sustentou, ainda, que a norma legal na qual a magistrada se baseou n\u00e3o se aplica aos munic\u00edpios, sob pena de afronta ao princ\u00edpio da autonomia municipal previsto na Constitui\u00e7\u00e3o da Rep\u00fablica.<\/p>\n<p>Alegou, por fim, que, sendo reconhecida a necessidade de adequa\u00e7\u00e3o da carga hor\u00e1ria da impetrante, a remunera\u00e7\u00e3o deveria ser reduzida na mesma propor\u00e7\u00e3o, do contr\u00e1rio se configuraria \u201cinjustific\u00e1vel enriquecimento sem causa da servidora\u201d.<\/p>\n<p>O desembargador Edilson Ol\u00edmpio Fernandes, relator, citou jurisprud\u00eancia do Supremo Tribunal Federal, segundo a qual, sendo compet\u00eancia privativa da Uni\u00e3o legislar sobre as normas que fixam condi\u00e7\u00f5es para o exerc\u00edcio profissional, n\u00e3o cabe aos demais entes federados faz\u00ea-lo, de modo que os par\u00e2metros estabelecidos pela Lei Federal 8.856\/1994 tamb\u00e9m se aplicam aos servidores municipais ou estaduais.<\/p>\n<p>O magistrado considerou, tamb\u00e9m, que h\u00e1 possibilidade de les\u00e3o irrepar\u00e1vel ao direito da profissional, pois a n\u00e3o concess\u00e3o da liminar submeteria a servidora a uma jornada de trabalho superior \u00e0quela prevista em lei, sem os acr\u00e9scimos remunerat\u00f3rios devidos. Ele manteve a remunera\u00e7\u00e3o, por avaliar que a irredutibilidade dos vencimentos \u00e9 garantia constitucional.<\/p>\n<p><em>Fonte: TJMG<\/em><\/p>\n","protected":false},"excerpt":{"rendered":"<p>O Tribunal de Justi\u00e7a de Minas Gerais (TJMG) manteve decis\u00e3o da Comarca de Juiz de Fora que condenou o munic\u00edpio-sede a adequar a carga hor\u00e1ria de uma fisioterapeuta da rede de sa\u00fade p\u00fablica, conforme previs\u00e3o legal, sem reajustar a remunera\u00e7\u00e3o dela. A servidora argumentou, em mandado de seguran\u00e7a, que, embora a Lei Federal 8.856\/1994 estabele\u00e7a [&hellip;]<\/p>\n","protected":false},"author":96,"featured_media":0,"comment_status":"closed","ping_status":"closed","sticky":false,"template":"","format":"standard","meta":{"footnotes":""},"categories":[253,439],"tags":[],"class_list":["post-126050","post","type-post","status-publish","format-standard","hentry","category-cidade","category-ultima-hora"],"_links":{"self":[{"href":"https:\/\/diarioregionaldigital.com.br\/index.php?rest_route=\/wp\/v2\/posts\/126050","targetHints":{"allow":["GET"]}}],"collection":[{"href":"https:\/\/diarioregionaldigital.com.br\/index.php?rest_route=\/wp\/v2\/posts"}],"about":[{"href":"https:\/\/diarioregionaldigital.com.br\/index.php?rest_route=\/wp\/v2\/types\/post"}],"author":[{"embeddable":true,"href":"https:\/\/diarioregionaldigital.com.br\/index.php?rest_route=\/wp\/v2\/users\/96"}],"replies":[{"embeddable":true,"href":"https:\/\/diarioregionaldigital.com.br\/index.php?rest_route=%2Fwp%2Fv2%2Fcomments&post=126050"}],"version-history":[{"count":0,"href":"https:\/\/diarioregionaldigital.com.br\/index.php?rest_route=\/wp\/v2\/posts\/126050\/revisions"}],"wp:attachment":[{"href":"https:\/\/diarioregionaldigital.com.br\/index.php?rest_route=%2Fwp%2Fv2%2Fmedia&parent=126050"}],"wp:term":[{"taxonomy":"category","embeddable":true,"href":"https:\/\/diarioregionaldigital.com.br\/index.php?rest_route=%2Fwp%2Fv2%2Fcategories&post=126050"},{"taxonomy":"post_tag","embeddable":true,"href":"https:\/\/diarioregionaldigital.com.br\/index.php?rest_route=%2Fwp%2Fv2%2Ftags&post=126050"}],"curies":[{"name":"wp","href":"https:\/\/api.w.org\/{rel}","templated":true}]}}