{"id":126035,"date":"2018-11-20T11:43:10","date_gmt":"2018-11-20T13:43:10","guid":{"rendered":"https:\/\/diarioregionaldigital.com.br\/?p=126035"},"modified":"2018-11-20T11:43:10","modified_gmt":"2018-11-20T13:43:10","slug":"secretaria-de-saude-comemora-dia-da-homeopatia","status":"publish","type":"post","link":"https:\/\/diarioregionaldigital.com.br\/?p=126035","title":{"rendered":"Secretaria de Sa\u00fade comemora Dia da Homeopatia"},"content":{"rendered":"<p>Na manh\u00e3 dessa quarta-feira, 21, o Departamento de Pr\u00e1ticas Integrativas e Complementares (DPIC) da Secretaria de Sa\u00fade (SS) da Prefeitura de Juiz de Fora (PJF) promover\u00e1 a\u00e7\u00e3o na galeria do pr\u00e9dio do Pronto Atendimento M\u00e9dico (PAM) Marechal, voltada para a comunidade, em comemora\u00e7\u00e3o ao \u201cDia da Homeopatia\u201d.<\/p>\n<p>Visando a divulgar o tratamento homeop\u00e1tico, servi\u00e7o pouco conhecido pelos usu\u00e1rios do Sistema \u00danico de Sa\u00fade (SUS) do munic\u00edpio, o DPIC montar\u00e1, a partir das 9 horas, uma tenda com diversas atividades que abordam a tem\u00e1tica. Dentre elas, roda de conversa com os profissionais do departamento, demonstra\u00e7\u00f5es pr\u00e1ticas, aferi\u00e7\u00e3o de press\u00e3o, orienta\u00e7\u00f5es nutricionais, al\u00e9m de apresenta\u00e7\u00e3o do coral da Cesama.<\/p>\n<p>De acordo com a gerente do DPIC, D\u00e9bora Moreira, o evento \u00e9 importante para a popula\u00e7\u00e3o conhecer os servi\u00e7os oferecidos, como homeopatia, acupuntura, antroposofia e fitoterapia. Al\u00e9m disso, \u201cobjetiva valorizar e divulgar a qualidade e efic\u00e1cia dessas pr\u00e1ticas como op\u00e7\u00e3o de tratamento e acompanhamento dos usu\u00e1rios do SUS de Juiz de Fora\u201d, complementa.<\/p>\n<p>A a\u00e7\u00e3o em comemora\u00e7\u00e3o ao \u201cDia da Homeopatia\u201d ocorrer\u00e1 das 9 \u00e0s 15 horas, na galeria do PAM Marechal.<\/p>\n<p><em>Fonte: Assessoria<\/em><\/p>\n","protected":false},"excerpt":{"rendered":"<p>Na manh\u00e3 dessa quarta-feira, 21, o Departamento de Pr\u00e1ticas Integrativas e Complementares (DPIC) da Secretaria de Sa\u00fade (SS) da Prefeitura de Juiz de Fora (PJF) promover\u00e1 a\u00e7\u00e3o na galeria do pr\u00e9dio do Pronto Atendimento M\u00e9dico (PAM) Marechal, voltada para a comunidade, em comemora\u00e7\u00e3o ao \u201cDia da Homeopatia\u201d. Visando a divulgar o tratamento homeop\u00e1tico, servi\u00e7o pouco [&hellip;]<\/p>\n","protected":false},"author":96,"featured_media":0,"comment_status":"closed","ping_status":"closed","sticky":false,"template":"","format":"standard","meta":{"footnotes":""},"categories":[253,439],"tags":[],"class_list":["post-126035","post","type-post","status-publish","format-standard","hentry","category-cidade","category-ultima-hora"],"_links":{"self":[{"href":"https:\/\/diarioregionaldigital.com.br\/index.php?rest_route=\/wp\/v2\/posts\/126035","targetHints":{"allow":["GET"]}}],"collection":[{"href":"https:\/\/diarioregionaldigital.com.br\/index.php?rest_route=\/wp\/v2\/posts"}],"about":[{"href":"https:\/\/diarioregionaldigital.com.br\/index.php?rest_route=\/wp\/v2\/types\/post"}],"author":[{"embeddable":true,"href":"https:\/\/diarioregionaldigital.com.br\/index.php?rest_route=\/wp\/v2\/users\/96"}],"replies":[{"embeddable":true,"href":"https:\/\/diarioregionaldigital.com.br\/index.php?rest_route=%2Fwp%2Fv2%2Fcomments&post=126035"}],"version-history":[{"count":0,"href":"https:\/\/diarioregionaldigital.com.br\/index.php?rest_route=\/wp\/v2\/posts\/126035\/revisions"}],"wp:attachment":[{"href":"https:\/\/diarioregionaldigital.com.br\/index.php?rest_route=%2Fwp%2Fv2%2Fmedia&parent=126035"}],"wp:term":[{"taxonomy":"category","embeddable":true,"href":"https:\/\/diarioregionaldigital.com.br\/index.php?rest_route=%2Fwp%2Fv2%2Fcategories&post=126035"},{"taxonomy":"post_tag","embeddable":true,"href":"https:\/\/diarioregionaldigital.com.br\/index.php?rest_route=%2Fwp%2Fv2%2Ftags&post=126035"}],"curies":[{"name":"wp","href":"https:\/\/api.w.org\/{rel}","templated":true}]}}