{"id":126027,"date":"2018-11-20T10:29:57","date_gmt":"2018-11-20T12:29:57","guid":{"rendered":"https:\/\/diarioregionaldigital.com.br\/?p=126027"},"modified":"2018-11-20T10:29:57","modified_gmt":"2018-11-20T12:29:57","slug":"inscricoes-para-contratacao-de-professores-de-aulas-especializadas-terminam-nesta-terca-feira","status":"publish","type":"post","link":"https:\/\/diarioregionaldigital.com.br\/?p=126027","title":{"rendered":"Inscri\u00e7\u00f5es para contrata\u00e7\u00e3o de professores de aulas especializadas terminam nesta ter\u00e7a-feira"},"content":{"rendered":"<p>Termina \u00e0s 23h59 desta ter\u00e7a-feira, 20, o prazo para inscri\u00e7\u00f5es ao processo seletivo simplificado para contrata\u00e7\u00e3o tempor\u00e1ria de professores que atuar\u00e3o nas aulas especializadas da parte diversificada do quadro curricular no ano letivo de 2019 na rede municipal de ensino (Edital n\u00ba 381-SARH). As inscri\u00e7\u00f5es podem ser realizadas exclusivamente pelo site da PJF. O edital selecionar\u00e1 docentes para lecionar artes visuais, m\u00fasica, teatro, capoeira, dan\u00e7a, inform\u00e1tica, int\u00e9rprete educacional de libras, libras e braile.<\/p>\n<p>O candidato que j\u00e1 realizou inscri\u00e7\u00f5es em processos seletivos anteriores da PJF e esqueceu sua senha poder\u00e1 resgat\u00e1-la, no momento da inscri\u00e7\u00e3o, atrav\u00e9s do \u00edcone \u201cEsqueceu sua senha? Clique aqui.\u201d, informando n\u00famero do CPF e data de nascimento.<\/p>\n<p>Nos dias 23 ou 26 de novembro, os candidatos dever\u00e3o entregar os t\u00edtulos para valida\u00e7\u00e3o das informa\u00e7\u00f5es prestadas na inscri\u00e7\u00e3o, no Centro de Forma\u00e7\u00e3o do Professor (Av. Get\u00falio Vargas, 200, Centro), das 8h30 \u00e0s 17 horas. Deve ser entregue a documenta\u00e7\u00e3o referente aos t\u00edtulos, com a c\u00f3pia do documento de identidade, pessoalmente ou por terceiros, em envelope lacrado. Fora do envelope, dever\u00e1 ser apresentado o comprovante de inscri\u00e7\u00e3o, que servir\u00e1 de recibo para o candidato. O edital e o link para inscri\u00e7\u00f5es (a partir desta ter\u00e7a-feira) podem ser conferidos <a href=\"https:\/\/www.pjf.mg.gov.br\/secretarias\/sarh\/edital\/temporario\/381\/index.php\">aqui<\/a>.<\/p>\n<p><em>Fonte: Assessoria<\/em><\/p>\n","protected":false},"excerpt":{"rendered":"<p>Termina \u00e0s 23h59 desta ter\u00e7a-feira, 20, o prazo para inscri\u00e7\u00f5es ao processo seletivo simplificado para contrata\u00e7\u00e3o tempor\u00e1ria de professores que atuar\u00e3o nas aulas especializadas da parte diversificada do quadro curricular no ano letivo de 2019 na rede municipal de ensino (Edital n\u00ba 381-SARH). As inscri\u00e7\u00f5es podem ser realizadas exclusivamente pelo site da PJF. O edital [&hellip;]<\/p>\n","protected":false},"author":96,"featured_media":0,"comment_status":"closed","ping_status":"closed","sticky":false,"template":"","format":"standard","meta":{"footnotes":""},"categories":[253,439],"tags":[],"class_list":["post-126027","post","type-post","status-publish","format-standard","hentry","category-cidade","category-ultima-hora"],"_links":{"self":[{"href":"https:\/\/diarioregionaldigital.com.br\/index.php?rest_route=\/wp\/v2\/posts\/126027","targetHints":{"allow":["GET"]}}],"collection":[{"href":"https:\/\/diarioregionaldigital.com.br\/index.php?rest_route=\/wp\/v2\/posts"}],"about":[{"href":"https:\/\/diarioregionaldigital.com.br\/index.php?rest_route=\/wp\/v2\/types\/post"}],"author":[{"embeddable":true,"href":"https:\/\/diarioregionaldigital.com.br\/index.php?rest_route=\/wp\/v2\/users\/96"}],"replies":[{"embeddable":true,"href":"https:\/\/diarioregionaldigital.com.br\/index.php?rest_route=%2Fwp%2Fv2%2Fcomments&post=126027"}],"version-history":[{"count":0,"href":"https:\/\/diarioregionaldigital.com.br\/index.php?rest_route=\/wp\/v2\/posts\/126027\/revisions"}],"wp:attachment":[{"href":"https:\/\/diarioregionaldigital.com.br\/index.php?rest_route=%2Fwp%2Fv2%2Fmedia&parent=126027"}],"wp:term":[{"taxonomy":"category","embeddable":true,"href":"https:\/\/diarioregionaldigital.com.br\/index.php?rest_route=%2Fwp%2Fv2%2Fcategories&post=126027"},{"taxonomy":"post_tag","embeddable":true,"href":"https:\/\/diarioregionaldigital.com.br\/index.php?rest_route=%2Fwp%2Fv2%2Ftags&post=126027"}],"curies":[{"name":"wp","href":"https:\/\/api.w.org\/{rel}","templated":true}]}}