{"id":126024,"date":"2018-11-20T10:08:37","date_gmt":"2018-11-20T12:08:37","guid":{"rendered":"https:\/\/diarioregionaldigital.com.br\/?p=126024"},"modified":"2018-11-20T10:08:37","modified_gmt":"2018-11-20T12:08:37","slug":"bolsonaro-anuncia-permanencia-de-wagner-rosario-na-cgu","status":"publish","type":"post","link":"https:\/\/diarioregionaldigital.com.br\/?p=126024","title":{"rendered":"Bolsonaro anuncia perman\u00eancia de Wagner Ros\u00e1rio na CGU"},"content":{"rendered":"<p>O presidente eleito, Jair Bolsonaro, confirmou nesta ter\u00e7a-feira, 20, pelo Twitter que Wagner de Campos Ros\u00e1rio continuar\u00e1 como ministro da Transpar\u00eancia e Controladoria-Geral da Uni\u00e3o (CGU) em sua gest\u00e3o.<\/p>\n<p>Wagner Ros\u00e1rio est\u00e1 no cargo desde maio do ano passado quando, na \u00e9poca, assumiu interinamente a pasta substituindo Torquato Jardim, que foi para o Minist\u00e9rio da Justi\u00e7a.<\/p>\n<p>Ex-secret\u00e1rio executivo da pasta desde 2016, Ros\u00e1rio tamb\u00e9m \u00e9 servidor de carreira e ex-capit\u00e3o do Ex\u00e9rcito. Tornou-se o primeiro servidor de carreira da CGU a assumir o cargo de secret\u00e1rio-executivo e ministro da pasta. Graduado em ci\u00eancias militares, ele ainda tem na sua forma\u00e7\u00e3o mestrado em corrup\u00e7\u00e3o e estado pela Universidade de Salamanca.<\/p>\n<h2>Equipe ministerial<\/h2>\n<p>Bolsonaro avisou que pretende reduzir de 29 para at\u00e9 15 o n\u00famero de minist\u00e9rios, extinguindo pastas e fundindo outras. Entre os j\u00e1 escolhidos est\u00e3o Onyx Lorenzoni, para a Casa Civil; General Augusto Heleno, para a Defesa; Paulo Guedes, para a Economia; Tereza Cristina, para a Agricultura, e Sergio Moro, para a Justi\u00e7a.<\/p>\n<p><em>Fonte: Ag\u00eancia Brasil<\/em><\/p>\n","protected":false},"excerpt":{"rendered":"<p>O presidente eleito, Jair Bolsonaro, confirmou nesta ter\u00e7a-feira, 20, pelo Twitter que Wagner de Campos Ros\u00e1rio continuar\u00e1 como ministro da Transpar\u00eancia e Controladoria-Geral da Uni\u00e3o (CGU) em sua gest\u00e3o. Wagner Ros\u00e1rio est\u00e1 no cargo desde maio do ano passado quando, na \u00e9poca, assumiu interinamente a pasta substituindo Torquato Jardim, que foi para o Minist\u00e9rio da [&hellip;]<\/p>\n","protected":false},"author":96,"featured_media":0,"comment_status":"closed","ping_status":"closed","sticky":false,"template":"","format":"standard","meta":{"footnotes":""},"categories":[254,439],"tags":[],"class_list":["post-126024","post","type-post","status-publish","format-standard","hentry","category-politica","category-ultima-hora"],"_links":{"self":[{"href":"https:\/\/diarioregionaldigital.com.br\/index.php?rest_route=\/wp\/v2\/posts\/126024","targetHints":{"allow":["GET"]}}],"collection":[{"href":"https:\/\/diarioregionaldigital.com.br\/index.php?rest_route=\/wp\/v2\/posts"}],"about":[{"href":"https:\/\/diarioregionaldigital.com.br\/index.php?rest_route=\/wp\/v2\/types\/post"}],"author":[{"embeddable":true,"href":"https:\/\/diarioregionaldigital.com.br\/index.php?rest_route=\/wp\/v2\/users\/96"}],"replies":[{"embeddable":true,"href":"https:\/\/diarioregionaldigital.com.br\/index.php?rest_route=%2Fwp%2Fv2%2Fcomments&post=126024"}],"version-history":[{"count":0,"href":"https:\/\/diarioregionaldigital.com.br\/index.php?rest_route=\/wp\/v2\/posts\/126024\/revisions"}],"wp:attachment":[{"href":"https:\/\/diarioregionaldigital.com.br\/index.php?rest_route=%2Fwp%2Fv2%2Fmedia&parent=126024"}],"wp:term":[{"taxonomy":"category","embeddable":true,"href":"https:\/\/diarioregionaldigital.com.br\/index.php?rest_route=%2Fwp%2Fv2%2Fcategories&post=126024"},{"taxonomy":"post_tag","embeddable":true,"href":"https:\/\/diarioregionaldigital.com.br\/index.php?rest_route=%2Fwp%2Fv2%2Ftags&post=126024"}],"curies":[{"name":"wp","href":"https:\/\/api.w.org\/{rel}","templated":true}]}}