{"id":126014,"date":"2018-11-20T08:21:54","date_gmt":"2018-11-20T10:21:54","guid":{"rendered":"https:\/\/diarioregionaldigital.com.br\/?p=126014"},"modified":"2018-11-20T08:21:54","modified_gmt":"2018-11-20T10:21:54","slug":"policia-militar-registra-assalto-no-bairro-cascatinha","status":"publish","type":"post","link":"https:\/\/diarioregionaldigital.com.br\/?p=126014","title":{"rendered":"Pol\u00edcia Militar registra assalto no bairro Cascatinha"},"content":{"rendered":"<p>Duas pessoas foram assaltadas no bairro Cascatinha, na zona Sul de Juiz de Fora, na noite dessa segunda-feira, 19. As v\u00edtimas, um homem de 21 anos e uma mulher de 32, estavam na Avenida Presidente Itamar Franco, pouco depois das 21h, quando foram abordados por cerca de seis indiv\u00edduos.<\/p>\n<p>Segundo os dois, os autores foram violentos e sob forte amea\u00e7a exigiram que eles entregassem os seus pertences, entre eles, celulares, bolsas, documentos pessoais e R$100 em dinheiro.<\/p>\n<p>Ap\u00f3s conseguirem os objetos, os assaltantes fugiram e n\u00e3o foram encontrados pela Pol\u00edcia Militar.<\/p>\n","protected":false},"excerpt":{"rendered":"<p>Duas pessoas foram assaltadas no bairro Cascatinha, na zona Sul de Juiz de Fora, na noite dessa segunda-feira, 19. As v\u00edtimas, um homem de 21 anos e uma mulher de 32, estavam na Avenida Presidente Itamar Franco, pouco depois das 21h, quando foram abordados por cerca de seis indiv\u00edduos. Segundo os dois, os autores foram [&hellip;]<\/p>\n","protected":false},"author":96,"featured_media":95836,"comment_status":"closed","ping_status":"closed","sticky":false,"template":"","format":"standard","meta":{"footnotes":""},"categories":[301],"tags":[],"class_list":["post-126014","post","type-post","status-publish","format-standard","has-post-thumbnail","hentry","category-artigos-policiais"],"_links":{"self":[{"href":"https:\/\/diarioregionaldigital.com.br\/index.php?rest_route=\/wp\/v2\/posts\/126014","targetHints":{"allow":["GET"]}}],"collection":[{"href":"https:\/\/diarioregionaldigital.com.br\/index.php?rest_route=\/wp\/v2\/posts"}],"about":[{"href":"https:\/\/diarioregionaldigital.com.br\/index.php?rest_route=\/wp\/v2\/types\/post"}],"author":[{"embeddable":true,"href":"https:\/\/diarioregionaldigital.com.br\/index.php?rest_route=\/wp\/v2\/users\/96"}],"replies":[{"embeddable":true,"href":"https:\/\/diarioregionaldigital.com.br\/index.php?rest_route=%2Fwp%2Fv2%2Fcomments&post=126014"}],"version-history":[{"count":0,"href":"https:\/\/diarioregionaldigital.com.br\/index.php?rest_route=\/wp\/v2\/posts\/126014\/revisions"}],"wp:featuredmedia":[{"embeddable":true,"href":"https:\/\/diarioregionaldigital.com.br\/index.php?rest_route=\/wp\/v2\/media\/95836"}],"wp:attachment":[{"href":"https:\/\/diarioregionaldigital.com.br\/index.php?rest_route=%2Fwp%2Fv2%2Fmedia&parent=126014"}],"wp:term":[{"taxonomy":"category","embeddable":true,"href":"https:\/\/diarioregionaldigital.com.br\/index.php?rest_route=%2Fwp%2Fv2%2Fcategories&post=126014"},{"taxonomy":"post_tag","embeddable":true,"href":"https:\/\/diarioregionaldigital.com.br\/index.php?rest_route=%2Fwp%2Fv2%2Ftags&post=126014"}],"curies":[{"name":"wp","href":"https:\/\/api.w.org\/{rel}","templated":true}]}}