{"id":125988,"date":"2018-11-20T06:00:57","date_gmt":"2018-11-20T08:00:57","guid":{"rendered":"https:\/\/diarioregionaldigital.com.br\/?p=125988"},"modified":"2018-11-19T21:46:04","modified_gmt":"2018-11-19T23:46:04","slug":"aniversario-animado","status":"publish","type":"post","link":"https:\/\/diarioregionaldigital.com.br\/?p=125988","title":{"rendered":"Anivers\u00e1rio Animado"},"content":{"rendered":"<p style=\"text-align: center;\"><strong>CES\/JF<\/strong><\/p>\n<p style=\"text-align: center;\">A coordena\u00e7\u00e3o do curso de Psicologia do CES\/JF, juntamente com 4 professores e 45 alunos, esteve na UNINOVE em S\u00e3o Paulo participando do \u201cV Congresso Brasileiro de Psicologia: Ci\u00eancia e Profiss\u00e3o\u201d. Este \u00e9 considerado o evento Acad\u00eamico Cient\u00edfico de maior relev\u00e2ncia no Brasil. Foram aprovados 17 trabalhos pelos alunos do CES\/JF.<\/p>\n<p style=\"text-align: center;\"><strong>T\u00e9cnicas<\/strong><\/p>\n<p style=\"text-align: center;\">Foi bastante concorrido o treinamento T\u00e9cnicas de Feedback na Gest\u00e3o de Conflitos realizados na FIEMG-Zona da Mata. As perguntas \u201cComo se estruturam e se organizam as pessoas? Como surgem os conflitos? Como o feedback pode ser um instrumento de resultados?\u201d Foram respondidas durante o treinamento \u201cGest\u00e3o de Conflitos e Feedback\u201d. O povo pede bis.<\/p>\n<p style=\"text-align: center;\"><strong>Beleza Rara<\/strong><\/p>\n<p style=\"text-align: center;\">Digno de elogios, o artista Iri\u00ea Salom\u00e3o inaugurou na Casa de Minas a exposi\u00e7\u00e3o \u201c\u00d3 Minas Gerais\u201d. Os trabalhos s\u00e3o \u201cformas do mar de morros, do verde sem fim, das curvas das estradas que transportam para lugares onde o tempo corre mais devagar\u201d, segundo o artista.<\/p>\n<p style=\"text-align: center;\"><strong>Milhas <\/strong><\/p>\n<p style=\"text-align: center;\">A pedido do STF, o Itamaraty passou a dar passaporte diplom\u00e1tico a ministros aposentados. A mordomia j\u00e1 saiu para Cesar Peluso e sua mulher.<\/p>\n<p style=\"text-align: center;\"><span style=\"font-size: 14pt;\"><strong>Anivers\u00e1rio Animado<\/strong><\/span><\/p>\n<p style=\"text-align: center;\">Foi no terra\u00e7o de sua resid\u00eancia no Vitorino Braga, denominado \u201cPrivilage\u201d, a comemora\u00e7\u00e3o do anivers\u00e1rio da educadora Orne\u00eddes Lima. Familiares e amigos fizeram contraponto para o animado samba do grupo Vem pro Samba. As fotos registram.<\/p>\n<div id=\"attachment_125954\" style=\"width: 690px\" class=\"wp-caption aligncenter\"><img loading=\"lazy\" decoding=\"async\" aria-describedby=\"caption-attachment-125954\" class=\"wp-image-125954\" src=\"https:\/\/diarioregionaldigital.com.br\/wp-content\/uploads\/2018\/11\/fotoa-9-e1542665406947.jpg\" alt=\"\" width=\"680\" height=\"672\" srcset=\"https:\/\/diarioregionaldigital.com.br\/wp-content\/uploads\/2018\/11\/fotoa-9-e1542665406947.jpg 537w, https:\/\/diarioregionaldigital.com.br\/wp-content\/uploads\/2018\/11\/fotoa-9-e1542665406947-300x297.jpg 300w, https:\/\/diarioregionaldigital.com.br\/wp-content\/uploads\/2018\/11\/fotoa-9-e1542665406947-120x120.jpg 120w, https:\/\/diarioregionaldigital.com.br\/wp-content\/uploads\/2018\/11\/fotoa-9-e1542665406947-360x356.jpg 360w, https:\/\/diarioregionaldigital.com.br\/wp-content\/uploads\/2018\/11\/fotoa-9-e1542665406947-80x80.jpg 80w\" sizes=\"auto, (max-width: 680px) 100vw, 680px\" \/><p id=\"caption-attachment-125954\" class=\"wp-caption-text\">A aniversariante Orne\u00eddes Lima<\/p><\/div>\n<div id=\"attachment_125955\" style=\"width: 690px\" class=\"wp-caption aligncenter\"><img loading=\"lazy\" decoding=\"async\" aria-describedby=\"caption-attachment-125955\" class=\"wp-image-125955\" src=\"https:\/\/diarioregionaldigital.com.br\/wp-content\/uploads\/2018\/11\/fotob-9.jpg\" alt=\"\" width=\"680\" height=\"480\" srcset=\"https:\/\/diarioregionaldigital.com.br\/wp-content\/uploads\/2018\/11\/fotob-9.jpg 765w, https:\/\/diarioregionaldigital.com.br\/wp-content\/uploads\/2018\/11\/fotob-9-300x212.jpg 300w, https:\/\/diarioregionaldigital.com.br\/wp-content\/uploads\/2018\/11\/fotob-9-750x530.jpg 750w, https:\/\/diarioregionaldigital.com.br\/wp-content\/uploads\/2018\/11\/fotob-9-360x254.jpg 360w, https:\/\/diarioregionaldigital.com.br\/wp-content\/uploads\/2018\/11\/fotob-9-100x70.jpg 100w\" sizes=\"auto, (max-width: 680px) 100vw, 680px\" \/><p id=\"caption-attachment-125955\" class=\"wp-caption-text\">M\u00e1rcia Oliveira, Miriam Carvalho, Lana Mara e Ronilda Saraiva<\/p><\/div>\n<div id=\"attachment_125956\" style=\"width: 690px\" class=\"wp-caption aligncenter\"><img loading=\"lazy\" decoding=\"async\" aria-describedby=\"caption-attachment-125956\" class=\"wp-image-125956\" src=\"https:\/\/diarioregionaldigital.com.br\/wp-content\/uploads\/2018\/11\/fotoc-8.jpg\" alt=\"\" width=\"680\" height=\"510\" srcset=\"https:\/\/diarioregionaldigital.com.br\/wp-content\/uploads\/2018\/11\/fotoc-8.jpg 960w, https:\/\/diarioregionaldigital.com.br\/wp-content\/uploads\/2018\/11\/fotoc-8-300x225.jpg 300w, https:\/\/diarioregionaldigital.com.br\/wp-content\/uploads\/2018\/11\/fotoc-8-768x576.jpg 768w, https:\/\/diarioregionaldigital.com.br\/wp-content\/uploads\/2018\/11\/fotoc-8-360x270.jpg 360w\" sizes=\"auto, (max-width: 680px) 100vw, 680px\" \/><p id=\"caption-attachment-125956\" class=\"wp-caption-text\">Malu Scafuto e Sandra Magalh\u00e3es<\/p><\/div>\n<div id=\"attachment_125957\" style=\"width: 690px\" class=\"wp-caption aligncenter\"><img loading=\"lazy\" decoding=\"async\" aria-describedby=\"caption-attachment-125957\" class=\"wp-image-125957\" src=\"https:\/\/diarioregionaldigital.com.br\/wp-content\/uploads\/2018\/11\/fotod-7.jpg\" alt=\"\" width=\"680\" height=\"442\" srcset=\"https:\/\/diarioregionaldigital.com.br\/wp-content\/uploads\/2018\/11\/fotod-7.jpg 831w, https:\/\/diarioregionaldigital.com.br\/wp-content\/uploads\/2018\/11\/fotod-7-300x195.jpg 300w, https:\/\/diarioregionaldigital.com.br\/wp-content\/uploads\/2018\/11\/fotod-7-768x499.jpg 768w, https:\/\/diarioregionaldigital.com.br\/wp-content\/uploads\/2018\/11\/fotod-7-360x234.jpg 360w\" sizes=\"auto, (max-width: 680px) 100vw, 680px\" \/><p id=\"caption-attachment-125957\" class=\"wp-caption-text\">Orne\u00eddes Lima, Heitor e M\u00e1rcia Oliveira<\/p><\/div>\n<div id=\"attachment_125958\" style=\"width: 690px\" class=\"wp-caption aligncenter\"><img loading=\"lazy\" decoding=\"async\" aria-describedby=\"caption-attachment-125958\" class=\"wp-image-125958\" src=\"https:\/\/diarioregionaldigital.com.br\/wp-content\/uploads\/2018\/11\/fotoe-9-e1542665067748.jpg\" alt=\"\" width=\"680\" height=\"501\" srcset=\"https:\/\/diarioregionaldigital.com.br\/wp-content\/uploads\/2018\/11\/fotoe-9-e1542665067748.jpg 718w, https:\/\/diarioregionaldigital.com.br\/wp-content\/uploads\/2018\/11\/fotoe-9-e1542665067748-300x221.jpg 300w, https:\/\/diarioregionaldigital.com.br\/wp-content\/uploads\/2018\/11\/fotoe-9-e1542665067748-360x265.jpg 360w\" sizes=\"auto, (max-width: 680px) 100vw, 680px\" \/><p id=\"caption-attachment-125958\" class=\"wp-caption-text\">Arthur, Cec\u00edlia, Annelise e Cristina Farah<\/p><\/div>\n<div id=\"attachment_125959\" style=\"width: 690px\" class=\"wp-caption aligncenter\"><img loading=\"lazy\" decoding=\"async\" aria-describedby=\"caption-attachment-125959\" class=\"wp-image-125959\" src=\"https:\/\/diarioregionaldigital.com.br\/wp-content\/uploads\/2018\/11\/fotof-8-e1542665092367.jpg\" alt=\"\" width=\"680\" height=\"563\" srcset=\"https:\/\/diarioregionaldigital.com.br\/wp-content\/uploads\/2018\/11\/fotof-8-e1542665092367.jpg 768w, https:\/\/diarioregionaldigital.com.br\/wp-content\/uploads\/2018\/11\/fotof-8-e1542665092367-300x248.jpg 300w, https:\/\/diarioregionaldigital.com.br\/wp-content\/uploads\/2018\/11\/fotof-8-e1542665092367-360x298.jpg 360w\" sizes=\"auto, (max-width: 680px) 100vw, 680px\" \/><p id=\"caption-attachment-125959\" class=\"wp-caption-text\">Carlos Barbosa, Orne\u00eddes Lima e Fabiano Garcia<\/p><\/div>\n<div id=\"attachment_125960\" style=\"width: 690px\" class=\"wp-caption aligncenter\"><img loading=\"lazy\" decoding=\"async\" aria-describedby=\"caption-attachment-125960\" class=\"wp-image-125960\" src=\"https:\/\/diarioregionaldigital.com.br\/wp-content\/uploads\/2018\/11\/fotog-7.jpg\" alt=\"\" width=\"680\" height=\"473\" srcset=\"https:\/\/diarioregionaldigital.com.br\/wp-content\/uploads\/2018\/11\/fotog-7.jpg 582w, https:\/\/diarioregionaldigital.com.br\/wp-content\/uploads\/2018\/11\/fotog-7-300x210.jpg 300w, https:\/\/diarioregionaldigital.com.br\/wp-content\/uploads\/2018\/11\/fotog-7-360x251.jpg 360w, https:\/\/diarioregionaldigital.com.br\/wp-content\/uploads\/2018\/11\/fotog-7-100x70.jpg 100w\" sizes=\"auto, (max-width: 680px) 100vw, 680px\" \/><p id=\"caption-attachment-125960\" class=\"wp-caption-text\">Marli Leonel, Marlene Fernandes, Orne\u00eddes Lima e Simone Fontana<\/p><\/div>\n<div id=\"attachment_125961\" style=\"width: 690px\" class=\"wp-caption aligncenter\"><img loading=\"lazy\" decoding=\"async\" aria-describedby=\"caption-attachment-125961\" class=\"wp-image-125961\" src=\"https:\/\/diarioregionaldigital.com.br\/wp-content\/uploads\/2018\/11\/fotoh-8-e1542665119532.jpg\" alt=\"\" width=\"680\" height=\"596\" srcset=\"https:\/\/diarioregionaldigital.com.br\/wp-content\/uploads\/2018\/11\/fotoh-8-e1542665119532.jpg 519w, https:\/\/diarioregionaldigital.com.br\/wp-content\/uploads\/2018\/11\/fotoh-8-e1542665119532-300x263.jpg 300w, https:\/\/diarioregionaldigital.com.br\/wp-content\/uploads\/2018\/11\/fotoh-8-e1542665119532-360x316.jpg 360w\" sizes=\"auto, (max-width: 680px) 100vw, 680px\" \/><p id=\"caption-attachment-125961\" class=\"wp-caption-text\">Eliza e Lily Moraes<\/p><\/div>\n<div id=\"attachment_125962\" style=\"width: 690px\" class=\"wp-caption aligncenter\"><img loading=\"lazy\" decoding=\"async\" aria-describedby=\"caption-attachment-125962\" class=\"wp-image-125962\" src=\"https:\/\/diarioregionaldigital.com.br\/wp-content\/uploads\/2018\/11\/fotoi-7-e1542665150930.jpg\" alt=\"\" width=\"680\" height=\"682\" srcset=\"https:\/\/diarioregionaldigital.com.br\/wp-content\/uploads\/2018\/11\/fotoi-7-e1542665150930.jpg 629w, https:\/\/diarioregionaldigital.com.br\/wp-content\/uploads\/2018\/11\/fotoi-7-e1542665150930-150x150.jpg 150w, https:\/\/diarioregionaldigital.com.br\/wp-content\/uploads\/2018\/11\/fotoi-7-e1542665150930-300x300.jpg 300w, https:\/\/diarioregionaldigital.com.br\/wp-content\/uploads\/2018\/11\/fotoi-7-e1542665150930-180x180.jpg 180w, https:\/\/diarioregionaldigital.com.br\/wp-content\/uploads\/2018\/11\/fotoi-7-e1542665150930-120x120.jpg 120w, https:\/\/diarioregionaldigital.com.br\/wp-content\/uploads\/2018\/11\/fotoi-7-e1542665150930-360x361.jpg 360w, https:\/\/diarioregionaldigital.com.br\/wp-content\/uploads\/2018\/11\/fotoi-7-e1542665150930-80x80.jpg 80w\" sizes=\"auto, (max-width: 680px) 100vw, 680px\" \/><p id=\"caption-attachment-125962\" class=\"wp-caption-text\">Sandy Lima e os filhos Miguel e Helena<\/p><\/div>\n<div id=\"attachment_125963\" style=\"width: 690px\" class=\"wp-caption aligncenter\"><img loading=\"lazy\" decoding=\"async\" aria-describedby=\"caption-attachment-125963\" class=\"wp-image-125963\" src=\"https:\/\/diarioregionaldigital.com.br\/wp-content\/uploads\/2018\/11\/fotoj-7.jpg\" alt=\"\" width=\"680\" height=\"470\" srcset=\"https:\/\/diarioregionaldigital.com.br\/wp-content\/uploads\/2018\/11\/fotoj-7.jpg 768w, https:\/\/diarioregionaldigital.com.br\/wp-content\/uploads\/2018\/11\/fotoj-7-300x207.jpg 300w, https:\/\/diarioregionaldigital.com.br\/wp-content\/uploads\/2018\/11\/fotoj-7-360x249.jpg 360w, https:\/\/diarioregionaldigital.com.br\/wp-content\/uploads\/2018\/11\/fotoj-7-100x70.jpg 100w\" sizes=\"auto, (max-width: 680px) 100vw, 680px\" \/><p id=\"caption-attachment-125963\" class=\"wp-caption-text\">Omar e Marcelo Silva<\/p><\/div>\n<div id=\"attachment_125964\" style=\"width: 690px\" class=\"wp-caption aligncenter\"><img loading=\"lazy\" decoding=\"async\" aria-describedby=\"caption-attachment-125964\" class=\"wp-image-125964\" src=\"https:\/\/diarioregionaldigital.com.br\/wp-content\/uploads\/2018\/11\/fotol-3.jpg\" alt=\"\" width=\"680\" height=\"510\" srcset=\"https:\/\/diarioregionaldigital.com.br\/wp-content\/uploads\/2018\/11\/fotol-3.jpg 960w, https:\/\/diarioregionaldigital.com.br\/wp-content\/uploads\/2018\/11\/fotol-3-300x225.jpg 300w, https:\/\/diarioregionaldigital.com.br\/wp-content\/uploads\/2018\/11\/fotol-3-768x576.jpg 768w, https:\/\/diarioregionaldigital.com.br\/wp-content\/uploads\/2018\/11\/fotol-3-360x270.jpg 360w\" sizes=\"auto, (max-width: 680px) 100vw, 680px\" \/><p id=\"caption-attachment-125964\" class=\"wp-caption-text\">Erika Beire, Ivanir Ferreira, Dani Verpel<\/p><\/div>\n<div id=\"attachment_125965\" style=\"width: 690px\" class=\"wp-caption aligncenter\"><img loading=\"lazy\" decoding=\"async\" aria-describedby=\"caption-attachment-125965\" class=\"wp-image-125965\" src=\"https:\/\/diarioregionaldigital.com.br\/wp-content\/uploads\/2018\/11\/fotom-e1542665183456.jpg\" alt=\"\" width=\"680\" height=\"545\" srcset=\"https:\/\/diarioregionaldigital.com.br\/wp-content\/uploads\/2018\/11\/fotom-e1542665183456.jpg 498w, https:\/\/diarioregionaldigital.com.br\/wp-content\/uploads\/2018\/11\/fotom-e1542665183456-300x240.jpg 300w, https:\/\/diarioregionaldigital.com.br\/wp-content\/uploads\/2018\/11\/fotom-e1542665183456-360x288.jpg 360w\" sizes=\"auto, (max-width: 680px) 100vw, 680px\" \/><p id=\"caption-attachment-125965\" class=\"wp-caption-text\">K\u00e1tia Elisa e Orne\u00eddes Lima<\/p><\/div>\n<div id=\"attachment_125966\" style=\"width: 690px\" class=\"wp-caption aligncenter\"><img loading=\"lazy\" decoding=\"async\" aria-describedby=\"caption-attachment-125966\" class=\"wp-image-125966\" src=\"https:\/\/diarioregionaldigital.com.br\/wp-content\/uploads\/2018\/11\/foton.jpg\" alt=\"\" width=\"680\" height=\"506\" srcset=\"https:\/\/diarioregionaldigital.com.br\/wp-content\/uploads\/2018\/11\/foton.jpg 497w, https:\/\/diarioregionaldigital.com.br\/wp-content\/uploads\/2018\/11\/foton-300x223.jpg 300w, https:\/\/diarioregionaldigital.com.br\/wp-content\/uploads\/2018\/11\/foton-360x268.jpg 360w\" sizes=\"auto, (max-width: 680px) 100vw, 680px\" \/><p id=\"caption-attachment-125966\" class=\"wp-caption-text\">Vitor, Orne\u00eddes e Rafael Lima<\/p><\/div>\n<div id=\"attachment_125967\" style=\"width: 690px\" class=\"wp-caption aligncenter\"><img loading=\"lazy\" decoding=\"async\" aria-describedby=\"caption-attachment-125967\" class=\"wp-image-125967\" src=\"https:\/\/diarioregionaldigital.com.br\/wp-content\/uploads\/2018\/11\/fotoo.jpg\" alt=\"\" width=\"680\" height=\"510\" srcset=\"https:\/\/diarioregionaldigital.com.br\/wp-content\/uploads\/2018\/11\/fotoo.jpg 960w, https:\/\/diarioregionaldigital.com.br\/wp-content\/uploads\/2018\/11\/fotoo-300x225.jpg 300w, https:\/\/diarioregionaldigital.com.br\/wp-content\/uploads\/2018\/11\/fotoo-768x576.jpg 768w, https:\/\/diarioregionaldigital.com.br\/wp-content\/uploads\/2018\/11\/fotoo-360x270.jpg 360w\" sizes=\"auto, (max-width: 680px) 100vw, 680px\" \/><p id=\"caption-attachment-125967\" class=\"wp-caption-text\">Grupo Vem pro Samba<\/p><\/div>\n<p style=\"text-align: center;\"><strong>FOTOSS\u00cdNTESE<\/strong><\/p>\n<p>Em ritmo de d\u00f3-r\u00e9-mi-f\u00e1, a elegante Lucinha Silva vai festejar os 5 anos da loja Veneno, no Mister Shopping, reunindo amigos e clientes no dia 22 de novembro, das 13h \u00e0s 20h para brinde especial.<\/p>\n<p>Durante o jantar comemorativo dos 54 anos do Clube S\u00edrio e Liban\u00eas, a presidente Mounira Hadad Rahme homenageou a governadora do Distrito LC12, L\u00e9a Burnier Ganimi Costa e o presidente do Lions, Georjos Saba Arbache.<\/p>\n<p>Curtindo batucada de rua na feijoada Dom Pedro anotamos por l\u00e1, Liliane Gonzaga, Beto Souza, Erika Beire e Fabinho Esteves.<\/p>\n<p>Com sua por\u00e7\u00e3o solidariedade total, Fernanda Spada Antunes lan\u00e7ou uma bela campanha de produtos de higiene pessoal, roupas e fraudas geri\u00e1tricas para o Lar de Idosos S\u00e3o Vicente de Paulo, em S\u00e3o Mateus.<\/p>\n<p>Colocando todas as violetas na janela, a artista pl\u00e1stica Celeste \u00c1vila causa impacto visual com sua exposi\u00e7\u00e3o de arte sacra, comemorativa dos 58 anos da Par\u00f3quia do Bom Pastor.<\/p>\n<p>Procurando seu lugar no Tratado de Tordesilhas, Marcelo Montenegro joga entusiasmo para a 4\u00aa Corrida da Tecnobit Night Run, dia 24, com largada e chegada no Est\u00e1dio Radialista M\u00e1rio Hel\u00eanio.<\/p>\n<p>Para o dia 25 de novembro, \u00e0s 15h, a Quadra da Uni\u00e3o das Cores recebe o evento 1\u00ba Baile das Antigas Charme e Passinho. Nas carrapetas, DJ Fratelli. O apoio \u00e9 da PJF-Funalfa dentro do Circuito Cultural da zona Norte.<\/p>\n<p>Abrindo os guarda chuvas do tempo, a psic\u00f3loga Stetina Dacorso apresentou artigo na Jornada do C\u00edrculo Brasileiro de Psican\u00e1lise no Rio de Janeiro.<\/p>\n<p>Leonardo Peixoto fixou cartaz, que ser\u00e1 dia 24 de novembro, da super festa Lux\u00faria. Em cena Eduardo Brava, Alex Antunes Lisboa, Stevix e show com Tiago Capuzzo e Gogo-boys. Ser\u00e1 no Ol\u00edmpico, \u00e0s 23h.<\/p>\n<p>Para progredir: Admire sua diferen\u00e7a e reconhe\u00e7a sua semelhan\u00e7a. Bom dia.<\/p>\n","protected":false},"excerpt":{"rendered":"<p>CES\/JF A coordena\u00e7\u00e3o do curso de Psicologia do CES\/JF, juntamente com 4 professores e 45 alunos, esteve na UNINOVE em S\u00e3o Paulo participando do \u201cV Congresso Brasileiro de Psicologia: Ci\u00eancia e Profiss\u00e3o\u201d. Este \u00e9 considerado o evento Acad\u00eamico Cient\u00edfico de maior relev\u00e2ncia no Brasil. Foram aprovados 17 trabalhos pelos alunos do CES\/JF. T\u00e9cnicas Foi bastante [&hellip;]<\/p>\n","protected":false},"author":96,"featured_media":125989,"comment_status":"closed","ping_status":"closed","sticky":false,"template":"","format":"standard","meta":{"footnotes":""},"categories":[264],"tags":[],"class_list":["post-125988","post","type-post","status-publish","format-standard","has-post-thumbnail","hentry","category-eduardo-gomes"],"_links":{"self":[{"href":"https:\/\/diarioregionaldigital.com.br\/index.php?rest_route=\/wp\/v2\/posts\/125988","targetHints":{"allow":["GET"]}}],"collection":[{"href":"https:\/\/diarioregionaldigital.com.br\/index.php?rest_route=\/wp\/v2\/posts"}],"about":[{"href":"https:\/\/diarioregionaldigital.com.br\/index.php?rest_route=\/wp\/v2\/types\/post"}],"author":[{"embeddable":true,"href":"https:\/\/diarioregionaldigital.com.br\/index.php?rest_route=\/wp\/v2\/users\/96"}],"replies":[{"embeddable":true,"href":"https:\/\/diarioregionaldigital.com.br\/index.php?rest_route=%2Fwp%2Fv2%2Fcomments&post=125988"}],"version-history":[{"count":0,"href":"https:\/\/diarioregionaldigital.com.br\/index.php?rest_route=\/wp\/v2\/posts\/125988\/revisions"}],"wp:featuredmedia":[{"embeddable":true,"href":"https:\/\/diarioregionaldigital.com.br\/index.php?rest_route=\/wp\/v2\/media\/125989"}],"wp:attachment":[{"href":"https:\/\/diarioregionaldigital.com.br\/index.php?rest_route=%2Fwp%2Fv2%2Fmedia&parent=125988"}],"wp:term":[{"taxonomy":"category","embeddable":true,"href":"https:\/\/diarioregionaldigital.com.br\/index.php?rest_route=%2Fwp%2Fv2%2Fcategories&post=125988"},{"taxonomy":"post_tag","embeddable":true,"href":"https:\/\/diarioregionaldigital.com.br\/index.php?rest_route=%2Fwp%2Fv2%2Ftags&post=125988"}],"curies":[{"name":"wp","href":"https:\/\/api.w.org\/{rel}","templated":true}]}}