{"id":125976,"date":"2018-11-19T18:03:05","date_gmt":"2018-11-19T20:03:05","guid":{"rendered":"https:\/\/diarioregionaldigital.com.br\/?p=125976"},"modified":"2018-11-19T18:03:05","modified_gmt":"2018-11-19T20:03:05","slug":"selecao-para-o-mais-medicos-tera-limitador-de-vagas-por-municipio","status":"publish","type":"post","link":"https:\/\/diarioregionaldigital.com.br\/?p=125976","title":{"rendered":"Sele\u00e7\u00e3o para o Mais M\u00e9dicos ter\u00e1 limitador de vagas por munic\u00edpio"},"content":{"rendered":"<p>O ministro da Sa\u00fade, Gilberto Occhi, anunciou nesta segunda-feira, 19, que o edital para a convoca\u00e7\u00e3o de profissionais que v\u00e3o substituir os cubanos no programa Mais M\u00e9dicos ocorrer\u00e1 de forma diferente. Para garantir a transfer\u00eancia de m\u00e9dicos para as cidades onde atuam os profissionais de Cuba, o governo vai criar um limitador de vagas para cada munic\u00edpio.<\/p>\n<p>O an\u00fancio foi feito durante encontro do presidente Michel Temer com prefeitos na sede da Confedera\u00e7\u00e3o Nacional dos Munic\u00edpios (CNM), em Bras\u00edlia, ocasi\u00e3o em que Occhi assinou uma norma permitindo a libera\u00e7\u00e3o do edital, que ser\u00e1 publicado nesta ter\u00e7a-feira, 20, no Di\u00e1rio Oficial da Uni\u00e3o.<\/p>\n<p>Ao todo, o edital disponibilizar\u00e1 8.500 vagas a serem oferecidas a todos os m\u00e9dicos que t\u00eam CRM, brasileiros ou estrangeiros formados no Brasil.<\/p>\n<p>A partir de quarta-feira (21), os m\u00e9dicos brasileiros interessados em suprir as vagas deixadas pelos cubanos poder\u00e3o se inscrever para a sele\u00e7\u00e3o. Caso o n\u00famero de m\u00e9dicos de um munic\u00edpio seja preenchido, ele n\u00e3o poder\u00e1 mais ser escolhido pelos concorrentes ao cargo, como ocorria antes.<\/p>\n<p>As medidas s\u00e3o para evitar que cidades tenham muita procura e outras fiquem sem interessados. De acordo com a CNM, entre os mais de 1.500 munic\u00edpios que t\u00eam somente m\u00e9dico cubano no programa, 80% t\u00eam menos de 20 mil habitantes e correm o risco de sofrer com desassist\u00eancia b\u00e1sica de sa\u00fade.<\/p>\n<p>Segundo o ministro Gilberto Occhi, 17 mil m\u00e9dicos brasileiros aguardam a divulga\u00e7\u00e3o desses editais. Occhi anunciou ainda que o governo estuda uma &#8220;forma mais \u00e1gil e mais r\u00e1pida para implanta\u00e7\u00e3o de um novo Revalida, para que m\u00e9dicos brasileiros formados no exterior possam exercer a sua profiss\u00e3o com seguran\u00e7a&#8221;.<\/p>\n<p>O Exame Nacional de Revalida\u00e7\u00e3o de Diplomas M\u00e9dicos Expedidos por Institui\u00e7\u00f5es de Educa\u00e7\u00e3o Superior Estrangeira (Revalida) reconhece os diplomas de m\u00e9dicos que se formaram no exterior e querem trabalhar no Brasil. O exame \u00e9 feito tanto por estrangeiros quanto por brasileiros que se graduaram em outro pa\u00eds e querem exercer a profiss\u00e3o.<\/p>\n<p>Na pr\u00f3xima segunda-feira, 26, um novo edital ser\u00e1 aberto para m\u00e9dicos brasileiros e estrangeiros formados exterior.<\/p>\n<p>Fonte: Ag\u00eancia Brasil<\/p>\n","protected":false},"excerpt":{"rendered":"<p>O ministro da Sa\u00fade, Gilberto Occhi, anunciou nesta segunda-feira, 19, que o edital para a convoca\u00e7\u00e3o de profissionais que v\u00e3o substituir os cubanos no programa Mais M\u00e9dicos ocorrer\u00e1 de forma diferente. Para garantir a transfer\u00eancia de m\u00e9dicos para as cidades onde atuam os profissionais de Cuba, o governo vai criar um limitador de vagas para [&hellip;]<\/p>\n","protected":false},"author":96,"featured_media":125977,"comment_status":"closed","ping_status":"closed","sticky":false,"template":"","format":"standard","meta":{"footnotes":""},"categories":[302,436,439],"tags":[],"class_list":["post-125976","post","type-post","status-publish","format-standard","has-post-thumbnail","hentry","category-brasil-mundo","category-destaque-da-semana","category-ultima-hora"],"_links":{"self":[{"href":"https:\/\/diarioregionaldigital.com.br\/index.php?rest_route=\/wp\/v2\/posts\/125976","targetHints":{"allow":["GET"]}}],"collection":[{"href":"https:\/\/diarioregionaldigital.com.br\/index.php?rest_route=\/wp\/v2\/posts"}],"about":[{"href":"https:\/\/diarioregionaldigital.com.br\/index.php?rest_route=\/wp\/v2\/types\/post"}],"author":[{"embeddable":true,"href":"https:\/\/diarioregionaldigital.com.br\/index.php?rest_route=\/wp\/v2\/users\/96"}],"replies":[{"embeddable":true,"href":"https:\/\/diarioregionaldigital.com.br\/index.php?rest_route=%2Fwp%2Fv2%2Fcomments&post=125976"}],"version-history":[{"count":0,"href":"https:\/\/diarioregionaldigital.com.br\/index.php?rest_route=\/wp\/v2\/posts\/125976\/revisions"}],"wp:featuredmedia":[{"embeddable":true,"href":"https:\/\/diarioregionaldigital.com.br\/index.php?rest_route=\/wp\/v2\/media\/125977"}],"wp:attachment":[{"href":"https:\/\/diarioregionaldigital.com.br\/index.php?rest_route=%2Fwp%2Fv2%2Fmedia&parent=125976"}],"wp:term":[{"taxonomy":"category","embeddable":true,"href":"https:\/\/diarioregionaldigital.com.br\/index.php?rest_route=%2Fwp%2Fv2%2Fcategories&post=125976"},{"taxonomy":"post_tag","embeddable":true,"href":"https:\/\/diarioregionaldigital.com.br\/index.php?rest_route=%2Fwp%2Fv2%2Ftags&post=125976"}],"curies":[{"name":"wp","href":"https:\/\/api.w.org\/{rel}","templated":true}]}}