{"id":125947,"date":"2018-11-19T16:21:33","date_gmt":"2018-11-19T18:21:33","guid":{"rendered":"https:\/\/diarioregionaldigital.com.br\/?p=125947"},"modified":"2018-11-19T16:21:33","modified_gmt":"2018-11-19T18:21:33","slug":"moro-pode-se-reunir-com-ministros-da-justica-e-da-seguranca-publica","status":"publish","type":"post","link":"https:\/\/diarioregionaldigital.com.br\/?p=125947","title":{"rendered":"Moro pode se reunir com ministros da Justi\u00e7a e da Seguran\u00e7a P\u00fablica"},"content":{"rendered":"<p>O juiz federal Sergio Moro, confirmado para o Minist\u00e9rio da Justi\u00e7a (que agregar\u00e1 a Seguran\u00e7a P\u00fablica e parte do Conselho de Controle de Atividades Financeiras), afirmou hoje, 19, em Bras\u00edlia, que pode se reunir esta semana com os ministros da Seguran\u00e7a P\u00fablica, Raul Jungmann, e da Justi\u00e7a, Torquato Jardim.<\/p>\n<p>Segundo ele, h\u00e1 a possibilidade de ser anunciado o nome do futuro diretor-geral da Pol\u00edcia Federal at\u00e9 sexta-feira, 23.<\/p>\n<p>Moro interrompeu o almo\u00e7o, no Centro Cultural Banco do Brasil (CCBB), onde funciona o gabinete de transi\u00e7\u00e3o, para conversar com a imprensa. Ele disse que est\u00e1 organizando sua equipe.<\/p>\n<p><a href=\"http:\/\/portal.imprensanacional.gov.br\/materia\/-\/asset_publisher\/Kujrw0TZC2Mb\/content\/id\/50690561\/do2-2018-11-19-ato-n-428-de-16-de-novembro-de-2018-50690320\" target=\"_blank\" rel=\"noopener\">Nesta segunda-feira foi publicada sua exonera\u00e7\u00e3o<\/a> da magistratura, no Di\u00e1rio Oficial da Uni\u00e3o, se\u00e7\u00e3o 2, p\u00e1gina 47.<\/p>\n<h2>Exonera\u00e7\u00e3o<\/h2>\n<p>O ato de n\u00famero 428 \u00e9 assinado pelo presidente do Tribunal Regional Federal da 4\u00aa regi\u00e3o, Carlos Eduardo Thompson Flores, informando que a exonera\u00e7\u00e3o ocorre a pedido do pr\u00f3prio Moro. Na sexta-feira, 16, ele enviou of\u00edcio formalizando o ato.<\/p>\n<p>No pedido de exonera\u00e7\u00e3o, Sergio Moro argumentou que pretende \u201corganizar a transi\u00e7\u00e3o e as futuras a\u00e7\u00f5es do Minist\u00e9rio da Justi\u00e7a\u201d.<\/p>\n<p>\u201cHouve quem reclamasse que eu, mesmo em f\u00e9rias, afastado da jurisdi\u00e7\u00e3o e sem assumir cargo executivo, n\u00e3o poderia sequer participar do planejamento de a\u00e7\u00f5es do futuro governo\u201d, disse.<\/p>\n<p>Em substitui\u00e7\u00e3o a Moro no comando dos processos da Opera\u00e7\u00e3o Lava Jato ficar\u00e1 temporariamente a ju\u00edza Gabriela Hardt. Como substituta, ela n\u00e3o pode assumir de forma definitiva a vaga de Moro.<\/p>\n<p>Ap\u00f3s a publica\u00e7\u00e3o do ato de exonera\u00e7\u00e3o, deve ser expedido o edital para concurso de remo\u00e7\u00e3o.<\/p>\n<p>A remo\u00e7\u00e3o \u00e9 um concurso interno entre magistrados da Justi\u00e7a Federal da 4\u00aa Regi\u00e3o para preenchimento de vagas.<\/p>\n<p>Fonte: Ag\u00eancia Brasil<\/p>\n","protected":false},"excerpt":{"rendered":"<p>O juiz federal Sergio Moro, confirmado para o Minist\u00e9rio da Justi\u00e7a (que agregar\u00e1 a Seguran\u00e7a P\u00fablica e parte do Conselho de Controle de Atividades Financeiras), afirmou hoje, 19, em Bras\u00edlia, que pode se reunir esta semana com os ministros da Seguran\u00e7a P\u00fablica, Raul Jungmann, e da Justi\u00e7a, Torquato Jardim. Segundo ele, h\u00e1 a possibilidade de [&hellip;]<\/p>\n","protected":false},"author":96,"featured_media":125948,"comment_status":"closed","ping_status":"closed","sticky":false,"template":"","format":"standard","meta":{"footnotes":""},"categories":[436,254,439],"tags":[],"class_list":["post-125947","post","type-post","status-publish","format-standard","has-post-thumbnail","hentry","category-destaque-da-semana","category-politica","category-ultima-hora"],"_links":{"self":[{"href":"https:\/\/diarioregionaldigital.com.br\/index.php?rest_route=\/wp\/v2\/posts\/125947","targetHints":{"allow":["GET"]}}],"collection":[{"href":"https:\/\/diarioregionaldigital.com.br\/index.php?rest_route=\/wp\/v2\/posts"}],"about":[{"href":"https:\/\/diarioregionaldigital.com.br\/index.php?rest_route=\/wp\/v2\/types\/post"}],"author":[{"embeddable":true,"href":"https:\/\/diarioregionaldigital.com.br\/index.php?rest_route=\/wp\/v2\/users\/96"}],"replies":[{"embeddable":true,"href":"https:\/\/diarioregionaldigital.com.br\/index.php?rest_route=%2Fwp%2Fv2%2Fcomments&post=125947"}],"version-history":[{"count":0,"href":"https:\/\/diarioregionaldigital.com.br\/index.php?rest_route=\/wp\/v2\/posts\/125947\/revisions"}],"wp:featuredmedia":[{"embeddable":true,"href":"https:\/\/diarioregionaldigital.com.br\/index.php?rest_route=\/wp\/v2\/media\/125948"}],"wp:attachment":[{"href":"https:\/\/diarioregionaldigital.com.br\/index.php?rest_route=%2Fwp%2Fv2%2Fmedia&parent=125947"}],"wp:term":[{"taxonomy":"category","embeddable":true,"href":"https:\/\/diarioregionaldigital.com.br\/index.php?rest_route=%2Fwp%2Fv2%2Fcategories&post=125947"},{"taxonomy":"post_tag","embeddable":true,"href":"https:\/\/diarioregionaldigital.com.br\/index.php?rest_route=%2Fwp%2Fv2%2Ftags&post=125947"}],"curies":[{"name":"wp","href":"https:\/\/api.w.org\/{rel}","templated":true}]}}