{"id":125944,"date":"2018-11-19T15:58:05","date_gmt":"2018-11-19T17:58:05","guid":{"rendered":"https:\/\/diarioregionaldigital.com.br\/?p=125944"},"modified":"2018-11-19T15:58:05","modified_gmt":"2018-11-19T17:58:05","slug":"bolsonaro-diz-que-soberania-e-leis-do-brasil-devem-ser-respeitadas","status":"publish","type":"post","link":"https:\/\/diarioregionaldigital.com.br\/?p=125944","title":{"rendered":"Bolsonaro diz que soberania e leis do Brasil devem ser respeitadas"},"content":{"rendered":"<p>Em meio a rea\u00e7\u00f5es como a do governo cubano que decidiu suspender a parceira com o Programa Mais M\u00e9dicos, o presidente eleito Jair Bolsonaro voltou a defender hoje, 19, a manuten\u00e7\u00e3o dos valores e princ\u00edpios brasileiros.<\/p>\n<p>Numa rede social, ele disse que o pa\u00eds vai manter as boas rela\u00e7\u00f5es [diplom\u00e1ticas], mas exigir\u00e1 respeito \u00e0 sua soberania.<\/p>\n<p>\u201cPara voltarmos a crescer como na\u00e7\u00e3o precisamos fazer valer nossa soberania e nossas leis. Devemos respeitar o mundo todo, mas tamb\u00e9m ser respeitados. Seremos um Brasil amigo, mas que tem seus valores e princ\u00edpios b\u00e1sicos\u201d, afirmou em sua p\u00e1gina no Twitter.<\/p>\n<p>Nas \u00faltimas declara\u00e7\u00f5es de Bolsonaro sobre a parceria com Cuba, o presidente eleito tem ressaltado as condi\u00e7\u00f5es de trabalho desenvolvido pelos profissionais cubanos, mas disse que s\u00f3 apresentar\u00e1 uma solu\u00e7\u00e3o para a aus\u00eancia dos m\u00e9dicos cubanos quando assumir o governo em 1\u00ba de janeiro.<\/p>\n<p>Na mesma mensagem, Bolsonaro acrescentou que \u201co Brasil, para\u00edso de criminosos e fonte de renda de ditaduras desumanas, dever\u00e1 dar lugar ao Brasil cujo brasileiro e as pessoas de bem ser\u00e3o nossa maior prioridade\u201d.<\/p>\n<p>Hoje, logo cedo, em Bras\u00edlia, a presen\u00e7a da deputada federal eleita por S\u00e3o Paulo, Joice Hasselmann, no gabinete de transi\u00e7\u00e3o que funciona no Centro Cultural Banco do Brasil &#8211; CCBB &#8211; , em Bras\u00edlia, desde o \u00faltimo dia 5, indicava que o assunto continuaria em debate ao longo da semana.<\/p>\n<h2>Decis\u00e3o de Cuba \u00e9 questionada por deputada<\/h2>\n<p>Antes de iniciar conversas no local, onde tamb\u00e9m est\u00e3o reunidos o secret\u00e1rio geral da transi\u00e7\u00e3o, Gustavo Bebbiano, e o vice presidente eleito general Hamilton Mour\u00e3o, e o futuro ministro da Justi\u00e7a, Sergio Moro, a parlamentar tamb\u00e9m usou a rede social para questionar a decis\u00e3o do governo de Cuba sobre o Mais M\u00e9dicos.<\/p>\n<p>\u201cLogo mais teremos uma conversa olho no olho sobre o que est\u00e1 por tr\u00e1s da decis\u00e3o de Cuba de sair do programa Mais M\u00e9dicos no Brasil \u00e0s v\u00e9speras de @jairbolsonaro assumir a presid\u00eancia\u201d, disse.<\/p>\n<p>Na nota que sinaliza o assunto que a trouxe a Bras\u00edlia, a deputada paulista alerta que a decis\u00e3o pode ter \u201cmais caro\u00e7o do que voc\u00eas imaginam nesse angu\u201d.<\/p>\n<p>Fonte: Ag\u00eancia Brasil<\/p>\n","protected":false},"excerpt":{"rendered":"<p>Em meio a rea\u00e7\u00f5es como a do governo cubano que decidiu suspender a parceira com o Programa Mais M\u00e9dicos, o presidente eleito Jair Bolsonaro voltou a defender hoje, 19, a manuten\u00e7\u00e3o dos valores e princ\u00edpios brasileiros. Numa rede social, ele disse que o pa\u00eds vai manter as boas rela\u00e7\u00f5es [diplom\u00e1ticas], mas exigir\u00e1 respeito \u00e0 sua [&hellip;]<\/p>\n","protected":false},"author":96,"featured_media":125945,"comment_status":"closed","ping_status":"closed","sticky":false,"template":"","format":"standard","meta":{"footnotes":""},"categories":[436,254,439],"tags":[],"class_list":["post-125944","post","type-post","status-publish","format-standard","has-post-thumbnail","hentry","category-destaque-da-semana","category-politica","category-ultima-hora"],"_links":{"self":[{"href":"https:\/\/diarioregionaldigital.com.br\/index.php?rest_route=\/wp\/v2\/posts\/125944","targetHints":{"allow":["GET"]}}],"collection":[{"href":"https:\/\/diarioregionaldigital.com.br\/index.php?rest_route=\/wp\/v2\/posts"}],"about":[{"href":"https:\/\/diarioregionaldigital.com.br\/index.php?rest_route=\/wp\/v2\/types\/post"}],"author":[{"embeddable":true,"href":"https:\/\/diarioregionaldigital.com.br\/index.php?rest_route=\/wp\/v2\/users\/96"}],"replies":[{"embeddable":true,"href":"https:\/\/diarioregionaldigital.com.br\/index.php?rest_route=%2Fwp%2Fv2%2Fcomments&post=125944"}],"version-history":[{"count":0,"href":"https:\/\/diarioregionaldigital.com.br\/index.php?rest_route=\/wp\/v2\/posts\/125944\/revisions"}],"wp:featuredmedia":[{"embeddable":true,"href":"https:\/\/diarioregionaldigital.com.br\/index.php?rest_route=\/wp\/v2\/media\/125945"}],"wp:attachment":[{"href":"https:\/\/diarioregionaldigital.com.br\/index.php?rest_route=%2Fwp%2Fv2%2Fmedia&parent=125944"}],"wp:term":[{"taxonomy":"category","embeddable":true,"href":"https:\/\/diarioregionaldigital.com.br\/index.php?rest_route=%2Fwp%2Fv2%2Fcategories&post=125944"},{"taxonomy":"post_tag","embeddable":true,"href":"https:\/\/diarioregionaldigital.com.br\/index.php?rest_route=%2Fwp%2Fv2%2Ftags&post=125944"}],"curies":[{"name":"wp","href":"https:\/\/api.w.org\/{rel}","templated":true}]}}