{"id":125930,"date":"2018-11-19T12:00:17","date_gmt":"2018-11-19T14:00:17","guid":{"rendered":"https:\/\/diarioregionaldigital.com.br\/?p=125930"},"modified":"2018-11-19T12:00:17","modified_gmt":"2018-11-19T14:00:17","slug":"bebe-de-11-meses-recebe-coracao-de-filho-de-goleiro-elisson-ex-cruzeiro","status":"publish","type":"post","link":"https:\/\/diarioregionaldigital.com.br\/?p=125930","title":{"rendered":"Beb\u00ea de 11 meses recebe cora\u00e7\u00e3o de filho de goleiro Elisson, ex-Cruzeiro"},"content":{"rendered":"<p>O cora\u00e7\u00e3o de Lucca Guilherme da Silva Rosa, filho do goleiro Elisson, ex-Cruzeiro, seguir\u00e1 batendo no peito de outra crian\u00e7a. Um beb\u00ea de 11 meses recebeu o \u00f3rg\u00e3o do menino de 6 anos, que morreu na \u00faltima quinta-feira, no Hospital P\u00fablico Regional Prefeito Osvaldo Rezende Franco, em Betim, ap\u00f3s sofrer traumatismo cranioencef\u00e1lico grave em decorr\u00eancia de um acidente dom\u00e9stico ocorrido h\u00e1 uma semana. O transplante aconteceu na \u00faltima sexta, no Hospital da Crian\u00e7a e Maternidade (HCM) de S\u00e3o Jos\u00e9 do Rio Preto, no interior de S\u00e3o Paulo.<\/p>\n<p>De acordo com informa\u00e7\u00f5es do\u00a0Di\u00e1rio da Regi\u00e3o, o beb\u00ea Miguel Augusto \u00e9 natural de Jales, a 148 quil\u00f4metros de Rio Preto, e estava internado h\u00e1 50 dias no hospital. Ele recebia medicamentos intravenosos para estimular as batidas do cora\u00e7\u00e3o. A crian\u00e7a sofria de miocardiopatia dilatada, doen\u00e7a que faz o \u00f3rg\u00e3o crescer e impede o bombeamento adequado de sangue para o corpo. Os pr\u00f3ximos dias ser\u00e3o determinantes para que n\u00e3o haja rejei\u00e7\u00e3o por parte do organismo de Miguel.<\/p>\n<p>&nbsp;<\/p>\n<p>Para que o transplante ocorresse com sucesso, houve uma grande for\u00e7a-tarefa. Quando o hospital recebeu a not\u00edcia de que a fam\u00edlia de Elisson doaria os \u00f3rg\u00e3os de Lucca Guilherme, o cirurgi\u00e3o-chefe do Servi\u00e7o de Cardiologia e Cirurgia Cardiovascular Pedi\u00e1trica do HCM, Ulisses Croti, foi chamado \u00e0s pressas para realizar o procedimento. Ele abriu m\u00e3o de passar o feriado prolongado com a fam\u00edlia em Londrina, no Paran\u00e1, e, num avi\u00e3o fretado, desembarcou em Belo Horizonte. Da capital mineira, o m\u00e9dico entrou no helic\u00f3ptero do Corpo de Bombeiros e rumou ao Hospital Regional de Betim.<\/p>\n<p>&nbsp;<\/p>\n<p>Era necess\u00e1rio correr contra o tempo, pois o cora\u00e7\u00e3o, ao ser retirado do corpo, n\u00e3o pode ficar exposto por mais de quatro horas. Por isso, o avi\u00e3o j\u00e1 esperava o cardiologista com as turbinas ligadas no aeroporto. No regresso a S\u00e3o Jos\u00e9 do Rio Preto, Miguel Augusto enfim foi agraciado com a doa\u00e7\u00e3o, passou por cirurgia e renovou as esperan\u00e7as na luta pela vida. Segundo o HCM, as 72 horas p\u00f3s-transplante s\u00e3o decisivas para avaliar como o paciente reagir\u00e1 ao novo \u00f3rg\u00e3o. O pequeno segue internado na Unidade de Terapia Intensiva (UTI) cardiopedi\u00e1trica, em leito isolado.<\/p>\n<p>&nbsp;<\/p>\n<p>O goleiro Elisson, em seu perfil no Instagram, compartilhou o print da not\u00edcia publicada pela imprensa \u00a0e transmitiu uma mensagem de homenagem ao filho. \u201cLucca \u00e9 um milagre. Filho, voc\u00ea j\u00e1 est\u00e1 salvando vidas\u201d. A fam\u00edlia autorizou ainda a doa\u00e7\u00e3o dos rins, f\u00edgado e c\u00f3rneas. Na mesma rede social, o ex-cruzeirense agradeceu todas as manifesta\u00e7\u00f5es de carinho e pesar pelo falecimento de Lucca.<\/p>\n<p>Mensagem de Elisson na integra:<\/p>\n<p><em>\u201cCaros amigos, familiares e companheiros de f\u00e9. Hoje percebi, ainda mais, o quanto o meu pequeno anjo tocou o cora\u00e7\u00e3o de todos voc\u00eas. Quantas foram as palavras de f\u00e9 e os abra\u00e7os de consolo.<\/em><\/p>\n<p><em>Eu s\u00f3 tenho a agradecer t\u00e3o grande carinho e compaix\u00e3o, pois foi assim o legado do meu pequenino Luccinha, de amor ao pr\u00f3ximo. Amou tanto os seus e at\u00e9 mesmo os nossos. N\u00f3s tamb\u00e9m o amamos tanto, que o Esp\u00edrito Santo tocou cada um para aceitar a vontade de Deus. A Ele a gl\u00f3ria!<\/em><\/p>\n<p><em>Nosso pequeno nunca pertenceu a esta terra, nem a n\u00f3s, mas sim a Deus, que agora solicitou a sua assist\u00eancia no c\u00e9u. De l\u00e1, Lucca nos aben\u00e7oar\u00e1, pois a miss\u00e3o dele se encerrou apenas aqui neste plano. V\u00e1 em paz, meu filho. Sua luz e amor perdurar\u00e3o para sempre em nossos cora\u00e7\u00f5es.\u201d<\/em><\/p>\n<p><strong>Fonte: Gazeta Press<\/strong><\/p>\n<p>&nbsp;<\/p>\n","protected":false},"excerpt":{"rendered":"<p>O cora\u00e7\u00e3o de Lucca Guilherme da Silva Rosa, filho do goleiro Elisson, ex-Cruzeiro, seguir\u00e1 batendo no peito de outra crian\u00e7a. Um beb\u00ea de 11 meses recebeu o \u00f3rg\u00e3o do menino de 6 anos, que morreu na \u00faltima quinta-feira, no Hospital P\u00fablico Regional Prefeito Osvaldo Rezende Franco, em Betim, ap\u00f3s sofrer traumatismo cranioencef\u00e1lico grave em decorr\u00eancia [&hellip;]<\/p>\n","protected":false},"author":96,"featured_media":125931,"comment_status":"closed","ping_status":"closed","sticky":false,"template":"","format":"standard","meta":{"footnotes":""},"categories":[257,439],"tags":[],"class_list":["post-125930","post","type-post","status-publish","format-standard","has-post-thumbnail","hentry","category-esporte","category-ultima-hora"],"_links":{"self":[{"href":"https:\/\/diarioregionaldigital.com.br\/index.php?rest_route=\/wp\/v2\/posts\/125930","targetHints":{"allow":["GET"]}}],"collection":[{"href":"https:\/\/diarioregionaldigital.com.br\/index.php?rest_route=\/wp\/v2\/posts"}],"about":[{"href":"https:\/\/diarioregionaldigital.com.br\/index.php?rest_route=\/wp\/v2\/types\/post"}],"author":[{"embeddable":true,"href":"https:\/\/diarioregionaldigital.com.br\/index.php?rest_route=\/wp\/v2\/users\/96"}],"replies":[{"embeddable":true,"href":"https:\/\/diarioregionaldigital.com.br\/index.php?rest_route=%2Fwp%2Fv2%2Fcomments&post=125930"}],"version-history":[{"count":0,"href":"https:\/\/diarioregionaldigital.com.br\/index.php?rest_route=\/wp\/v2\/posts\/125930\/revisions"}],"wp:featuredmedia":[{"embeddable":true,"href":"https:\/\/diarioregionaldigital.com.br\/index.php?rest_route=\/wp\/v2\/media\/125931"}],"wp:attachment":[{"href":"https:\/\/diarioregionaldigital.com.br\/index.php?rest_route=%2Fwp%2Fv2%2Fmedia&parent=125930"}],"wp:term":[{"taxonomy":"category","embeddable":true,"href":"https:\/\/diarioregionaldigital.com.br\/index.php?rest_route=%2Fwp%2Fv2%2Fcategories&post=125930"},{"taxonomy":"post_tag","embeddable":true,"href":"https:\/\/diarioregionaldigital.com.br\/index.php?rest_route=%2Fwp%2Fv2%2Ftags&post=125930"}],"curies":[{"name":"wp","href":"https:\/\/api.w.org\/{rel}","templated":true}]}}