{"id":125917,"date":"2018-11-19T11:27:50","date_gmt":"2018-11-19T13:27:50","guid":{"rendered":"https:\/\/diarioregionaldigital.com.br\/?p=125917"},"modified":"2018-11-19T11:33:25","modified_gmt":"2018-11-19T13:33:25","slug":"abono-salarial-pis-calendario-2018-2019-comeca-a-ser-pago-para-os-nascidos-em-novembro","status":"publish","type":"post","link":"https:\/\/diarioregionaldigital.com.br\/?p=125917","title":{"rendered":"Abono salarial PIS calend\u00e1rio 2018\/2019 come\u00e7a  a ser pago para os nascidos em novembro"},"content":{"rendered":"<p>A Caixa inicia nesta ter\u00e7a-feira, 20, o pagamento do Abono Salarial (PIS &#8211; Programa de Integra\u00e7\u00e3o Social) calend\u00e1rio 2018\/2019, ano-base 2017, para os trabalhadores nascidos no m\u00eas de novembro. Os valores variam de R$80 a R$954, conforme o tempo de trabalho durante o ano passado.<\/p>\n<p>Os titulares de conta individual na Caixa com cadastro atualizado \u00a0e movimenta\u00e7\u00e3o na conta, receberam o cr\u00e9dito autom\u00e1tico antecipado no dia 13\/11. Os pagamentos s\u00e3o realizados conforme o m\u00eas de nascimento do trabalhador, e tiveram in\u00edcio em julho, com os nascidos naquele m\u00eas. Os recursos de todos benefici\u00e1rios ficam dispon\u00edveis at\u00e9 28 de junho de 2019.<\/p>\n<p>Para os nascidos em novembro, est\u00e3o dispon\u00edveis R$1.308.040.671,00 para 1.790.337 trabalhadores. O valor do benef\u00edcio pode ser consultado no Aplicativo Caixa Trabalhador,,\u00a0 no site <a tabindex=\"-1\" href=\"http:\/\/www.caixa.gov.br\/PIS\" target=\"_blank\" rel=\"external noopener\">www.caixa.gov.br\/PIS<\/a> ou pelo Atendimento o Cidad\u00e3o: 0800 726 0207.<\/p>\n<p>A Caixa disponibiliza R$16,3 bilh\u00f5es para 22,3 milh\u00f5es de benefici\u00e1rios em todo o calend\u00e1rio. Tem direito ao benef\u00edcio o trabalhador inscrito no Programa de Integra\u00e7\u00e3o Social (PIS) ou no Programa de Forma\u00e7\u00e3o do Patrim\u00f4nio do Servidor P\u00fablico (PASEP) h\u00e1 pelo menos cinco anos e que tenha trabalhado formalmente por pelo menos 30 dias em 2017 com remunera\u00e7\u00e3o mensal m\u00e9dia de at\u00e9 dois sal\u00e1rios m\u00ednimos. Tamb\u00e9m \u00e9 necess\u00e1rio que os dados estejam corretamente informados pelo empregador na Rela\u00e7\u00e3o Anual de Informa\u00e7\u00f5es Sociais (RAIS), ano-base 2017.<\/p>\n<p>Fonte: Assessoria<\/p>\n","protected":false},"excerpt":{"rendered":"<p>A Caixa inicia nesta ter\u00e7a-feira, 20, o pagamento do Abono Salarial (PIS &#8211; Programa de Integra\u00e7\u00e3o Social) calend\u00e1rio 2018\/2019, ano-base 2017, para os trabalhadores nascidos no m\u00eas de novembro. Os valores variam de R$80 a R$954, conforme o tempo de trabalho durante o ano passado. Os titulares de conta individual na Caixa com cadastro atualizado [&hellip;]<\/p>\n","protected":false},"author":96,"featured_media":0,"comment_status":"closed","ping_status":"closed","sticky":false,"template":"","format":"standard","meta":{"footnotes":""},"categories":[261,439],"tags":[],"class_list":["post-125917","post","type-post","status-publish","format-standard","hentry","category-economia","category-ultima-hora"],"_links":{"self":[{"href":"https:\/\/diarioregionaldigital.com.br\/index.php?rest_route=\/wp\/v2\/posts\/125917","targetHints":{"allow":["GET"]}}],"collection":[{"href":"https:\/\/diarioregionaldigital.com.br\/index.php?rest_route=\/wp\/v2\/posts"}],"about":[{"href":"https:\/\/diarioregionaldigital.com.br\/index.php?rest_route=\/wp\/v2\/types\/post"}],"author":[{"embeddable":true,"href":"https:\/\/diarioregionaldigital.com.br\/index.php?rest_route=\/wp\/v2\/users\/96"}],"replies":[{"embeddable":true,"href":"https:\/\/diarioregionaldigital.com.br\/index.php?rest_route=%2Fwp%2Fv2%2Fcomments&post=125917"}],"version-history":[{"count":0,"href":"https:\/\/diarioregionaldigital.com.br\/index.php?rest_route=\/wp\/v2\/posts\/125917\/revisions"}],"wp:attachment":[{"href":"https:\/\/diarioregionaldigital.com.br\/index.php?rest_route=%2Fwp%2Fv2%2Fmedia&parent=125917"}],"wp:term":[{"taxonomy":"category","embeddable":true,"href":"https:\/\/diarioregionaldigital.com.br\/index.php?rest_route=%2Fwp%2Fv2%2Fcategories&post=125917"},{"taxonomy":"post_tag","embeddable":true,"href":"https:\/\/diarioregionaldigital.com.br\/index.php?rest_route=%2Fwp%2Fv2%2Ftags&post=125917"}],"curies":[{"name":"wp","href":"https:\/\/api.w.org\/{rel}","templated":true}]}}