{"id":125916,"date":"2018-11-19T11:41:45","date_gmt":"2018-11-19T13:41:45","guid":{"rendered":"https:\/\/diarioregionaldigital.com.br\/?p=125916"},"modified":"2018-11-19T11:41:45","modified_gmt":"2018-11-19T13:41:45","slug":"quarta-edicao-da-copa-zico-verao-jf-ocorrera-entre-os-dias-9-e-16-de-dezembro","status":"publish","type":"post","link":"https:\/\/diarioregionaldigital.com.br\/?p=125916","title":{"rendered":"Quarta edi\u00e7\u00e3o da Copa Zico Ver\u00e3o JF ocorrer\u00e1 entre os dias 9 e 16 de dezembro"},"content":{"rendered":"<p>Seis categorias ser\u00e3o reunidas para a disputa da quarta edi\u00e7\u00e3o da Copa Zico Ver\u00e3o JF, que tem inicio no dia 9 de dezembro.\u00a0 Competi\u00e7\u00e3o re\u00fane escolinhas de futebol de v\u00e1rias cidades e as\u00a0 inscri\u00e7\u00f5es podem ser realizadas at\u00e9 o dia 4 de dezembro.<\/p>\n<p>O objetivo \u00e9 atrair\u00a0 60 times ou\u00a0 mais,\u00a0 nas faixas sub-7, sub-9, sub-11, sub-13, sub-15 e sub-17, em evento que faz parte das comemora\u00e7\u00f5es dos 20 anos do CFZ-JF. J\u00e1 foram confirmados representantes de Juiz de Fora e outros munic\u00edpios, como Barbacena, Cataguases, S\u00e3o Jo\u00e3o Nepomuceno, Petr\u00f3polis e Rio Pomba, que tiveram equipes em outras edi\u00e7\u00f5es do torneio, al\u00e9m de estreantes de Manhua\u00e7u, Cabo Frio e Caxambu.<\/p>\n<p>Para efetuar a inscri\u00e7\u00e3o, a escolinha deve realizar pagamento, segundo o regulamento no copazico.com, de taxa de R$ 900 em conta disponibilizada no mesmo site ou obtida por e-mail com mensagem para\u00a0contato@copazico.com, endere\u00e7o eletr\u00f4nico para qual o respons\u00e1vel pelo time inscrito deve enviar a confirma\u00e7\u00e3o do dep\u00f3sito, al\u00e9m dos dados do time e a categoria na qual pretende se inscrever.<\/p>\n<p>&nbsp;<\/p>\n","protected":false},"excerpt":{"rendered":"<p>Seis categorias ser\u00e3o reunidas para a disputa da quarta edi\u00e7\u00e3o da Copa Zico Ver\u00e3o JF, que tem inicio no dia 9 de dezembro.\u00a0 Competi\u00e7\u00e3o re\u00fane escolinhas de futebol de v\u00e1rias cidades e as\u00a0 inscri\u00e7\u00f5es podem ser realizadas at\u00e9 o dia 4 de dezembro. O objetivo \u00e9 atrair\u00a0 60 times ou\u00a0 mais,\u00a0 nas faixas sub-7, sub-9, [&hellip;]<\/p>\n","protected":false},"author":96,"featured_media":125922,"comment_status":"closed","ping_status":"closed","sticky":false,"template":"","format":"standard","meta":{"footnotes":""},"categories":[257,439],"tags":[],"class_list":["post-125916","post","type-post","status-publish","format-standard","has-post-thumbnail","hentry","category-esporte","category-ultima-hora"],"_links":{"self":[{"href":"https:\/\/diarioregionaldigital.com.br\/index.php?rest_route=\/wp\/v2\/posts\/125916","targetHints":{"allow":["GET"]}}],"collection":[{"href":"https:\/\/diarioregionaldigital.com.br\/index.php?rest_route=\/wp\/v2\/posts"}],"about":[{"href":"https:\/\/diarioregionaldigital.com.br\/index.php?rest_route=\/wp\/v2\/types\/post"}],"author":[{"embeddable":true,"href":"https:\/\/diarioregionaldigital.com.br\/index.php?rest_route=\/wp\/v2\/users\/96"}],"replies":[{"embeddable":true,"href":"https:\/\/diarioregionaldigital.com.br\/index.php?rest_route=%2Fwp%2Fv2%2Fcomments&post=125916"}],"version-history":[{"count":0,"href":"https:\/\/diarioregionaldigital.com.br\/index.php?rest_route=\/wp\/v2\/posts\/125916\/revisions"}],"wp:featuredmedia":[{"embeddable":true,"href":"https:\/\/diarioregionaldigital.com.br\/index.php?rest_route=\/wp\/v2\/media\/125922"}],"wp:attachment":[{"href":"https:\/\/diarioregionaldigital.com.br\/index.php?rest_route=%2Fwp%2Fv2%2Fmedia&parent=125916"}],"wp:term":[{"taxonomy":"category","embeddable":true,"href":"https:\/\/diarioregionaldigital.com.br\/index.php?rest_route=%2Fwp%2Fv2%2Fcategories&post=125916"},{"taxonomy":"post_tag","embeddable":true,"href":"https:\/\/diarioregionaldigital.com.br\/index.php?rest_route=%2Fwp%2Fv2%2Ftags&post=125916"}],"curies":[{"name":"wp","href":"https:\/\/api.w.org\/{rel}","templated":true}]}}