{"id":125909,"date":"2018-11-19T10:46:22","date_gmt":"2018-11-19T12:46:22","guid":{"rendered":"https:\/\/diarioregionaldigital.com.br\/?p=125909"},"modified":"2018-11-19T10:46:22","modified_gmt":"2018-11-19T12:46:22","slug":"publicada-exoneracao-de-sergio-moro-no-diario-oficial-da-uniao","status":"publish","type":"post","link":"https:\/\/diarioregionaldigital.com.br\/?p=125909","title":{"rendered":"Publicada exonera\u00e7\u00e3o de Sergio Moro no Di\u00e1rio Oficial da Uni\u00e3o"},"content":{"rendered":"<p>A exonera\u00e7\u00e3o do juiz federal Sergio Moro foi publicada nesta segunda-feira, 19, no <a href=\"http:\/\/portal.imprensanacional.gov.br\/materia\/-\/asset_publisher\/Kujrw0TZC2Mb\/content\/id\/50690561\/do2-2018-11-19-ato-n-428-de-16-de-novembro-de-2018-50690320\" target=\"_blank\" rel=\"noopener\"><em>Di\u00e1rio Oficial da Uni\u00e3o<\/em><\/a>, se\u00e7\u00e3o 2, p\u00e1gina 47. Ele assumir\u00e1 o super Minist\u00e9rio da Justi\u00e7a, que agregar\u00e1 a Seguran\u00e7a P\u00fablica e parte do Conselho de Controle de Atividades Financeiras. Tamb\u00e9m deve participar da equipe de transi\u00e7\u00e3o do governo.<\/p>\n<p>O ato de n\u00famero 428 \u00e9 assinado pelo presidente do Tribunal Regional Federal da 4\u00aa regi\u00e3o,<a href=\"http:\/\/portal.imprensanacional.gov.br\/materia\/-\/asset_publisher\/Kujrw0TZC2Mb\/content\/id\/50690561\/do2-2018-11-19-ato-n-428-de-16-de-novembro-de-2018-50690320\" target=\"_blank\" rel=\"noopener\"> Carlos Eduardo Thompson Flores<\/a>, informando que a exonera\u00e7\u00e3o ocorre a pedido do pr\u00f3prio Moro. Na sexta-feira, 16, ele enviou of\u00edcio formalizando o pedido.<\/p>\n<p>No pedido de exonera\u00e7\u00e3o, Moro argumentou que pretende \u201corganizar a transi\u00e7\u00e3o e as futuras a\u00e7\u00f5es do Minist\u00e9rio da Justi\u00e7a\u201d. \u201cHouve quem reclamasse que eu, mesmo em f\u00e9rias, afastado da jurisdi\u00e7\u00e3o e sem assumir cargo executivo, n\u00e3o poderia sequer participar do planejamento de a\u00e7\u00f5es do futuro governo.\u201d<\/p>\n<p>Em substitui\u00e7\u00e3o a Moro no comando dos processos da Opera\u00e7\u00e3o Lava Jato ficar\u00e1 temporariamente a ju\u00edza Gabriela Hardt. Como substituta, ela n\u00e3o pode assumir de forma definitiva a vaga de Moro.<\/p>\n<p>Ap\u00f3s a publica\u00e7\u00e3o do ato de exonera\u00e7\u00e3o, deve ser expedido o edital para concurso de remo\u00e7\u00e3o. A remo\u00e7\u00e3o \u00e9 um concurso interno entre magistrados da Justi\u00e7a Federal da 4\u00aa Regi\u00e3o para preenchimento de vagas.<\/p>\n<p><em>Fonte: Ag\u00eancia Brasil<\/em><\/p>\n","protected":false},"excerpt":{"rendered":"<p>A exonera\u00e7\u00e3o do juiz federal Sergio Moro foi publicada nesta segunda-feira, 19, no Di\u00e1rio Oficial da Uni\u00e3o, se\u00e7\u00e3o 2, p\u00e1gina 47. Ele assumir\u00e1 o super Minist\u00e9rio da Justi\u00e7a, que agregar\u00e1 a Seguran\u00e7a P\u00fablica e parte do Conselho de Controle de Atividades Financeiras. Tamb\u00e9m deve participar da equipe de transi\u00e7\u00e3o do governo. O ato de n\u00famero [&hellip;]<\/p>\n","protected":false},"author":96,"featured_media":0,"comment_status":"closed","ping_status":"closed","sticky":false,"template":"","format":"standard","meta":{"footnotes":""},"categories":[254,439],"tags":[],"class_list":["post-125909","post","type-post","status-publish","format-standard","hentry","category-politica","category-ultima-hora"],"_links":{"self":[{"href":"https:\/\/diarioregionaldigital.com.br\/index.php?rest_route=\/wp\/v2\/posts\/125909","targetHints":{"allow":["GET"]}}],"collection":[{"href":"https:\/\/diarioregionaldigital.com.br\/index.php?rest_route=\/wp\/v2\/posts"}],"about":[{"href":"https:\/\/diarioregionaldigital.com.br\/index.php?rest_route=\/wp\/v2\/types\/post"}],"author":[{"embeddable":true,"href":"https:\/\/diarioregionaldigital.com.br\/index.php?rest_route=\/wp\/v2\/users\/96"}],"replies":[{"embeddable":true,"href":"https:\/\/diarioregionaldigital.com.br\/index.php?rest_route=%2Fwp%2Fv2%2Fcomments&post=125909"}],"version-history":[{"count":0,"href":"https:\/\/diarioregionaldigital.com.br\/index.php?rest_route=\/wp\/v2\/posts\/125909\/revisions"}],"wp:attachment":[{"href":"https:\/\/diarioregionaldigital.com.br\/index.php?rest_route=%2Fwp%2Fv2%2Fmedia&parent=125909"}],"wp:term":[{"taxonomy":"category","embeddable":true,"href":"https:\/\/diarioregionaldigital.com.br\/index.php?rest_route=%2Fwp%2Fv2%2Fcategories&post=125909"},{"taxonomy":"post_tag","embeddable":true,"href":"https:\/\/diarioregionaldigital.com.br\/index.php?rest_route=%2Fwp%2Fv2%2Ftags&post=125909"}],"curies":[{"name":"wp","href":"https:\/\/api.w.org\/{rel}","templated":true}]}}