{"id":125901,"date":"2018-11-19T09:35:47","date_gmt":"2018-11-19T11:35:47","guid":{"rendered":"https:\/\/diarioregionaldigital.com.br\/?p=125901"},"modified":"2018-11-19T21:10:00","modified_gmt":"2018-11-19T23:10:00","slug":"juiz-de-fora-amanhece-com-dia-chuvoso-e-previsao-do-tempo-e-instavel-nesta-semana","status":"publish","type":"post","link":"https:\/\/diarioregionaldigital.com.br\/?p=125901","title":{"rendered":"Juiz de Fora amanhece com dia chuvoso e previs\u00e3o do tempo \u00e9 inst\u00e1vel nesta semana"},"content":{"rendered":"<div class=\"mceTemp\"><\/div>\n<p>O tempo amanheceu inst\u00e1vel em Juiz de Fora nesta segunda-feira, 19, e, com base na previs\u00e3o do tempo do Instituto Nacional de Meteorologia (INMET), deve se manter com chuvas isoladas durante a semana. Isso acontece devido a uma associa\u00e7\u00e3o de uma frente fria vinda do oceano.<\/p>\n<p>A tend\u00eancia \u00e9 que a temperatura suba gradativamente e atinja m\u00e1xima de 33\u00b0 e m\u00ednima de 18\u00b0 durante o dia. J\u00e1 nesta ter\u00e7a-feira, 13, os term\u00f4metros podem registrar m\u00e1xima de 16\u00b0 e m\u00ednima de 15\u00b0.<\/p>\n<p>De modo geral, de acordo com o INMET, o clima deve permanecer inst\u00e1vel. Na sexta-feira, 24, a m\u00e1xima aumenta para 24, com pancadas de chuva \u00e0 tarde e \u00e0 noite.<\/p>\n<p>&nbsp;<\/p>\n","protected":false},"excerpt":{"rendered":"<p>O tempo amanheceu inst\u00e1vel em Juiz de Fora nesta segunda-feira, 19, e, com base na previs\u00e3o do tempo do Instituto Nacional de Meteorologia (INMET), deve se manter com chuvas isoladas durante a semana. Isso acontece devido a uma associa\u00e7\u00e3o de uma frente fria vinda do oceano. A tend\u00eancia \u00e9 que a temperatura suba gradativamente e [&hellip;]<\/p>\n","protected":false},"author":96,"featured_media":126003,"comment_status":"closed","ping_status":"closed","sticky":false,"template":"","format":"standard","meta":{"footnotes":""},"categories":[253,436,440,439],"tags":[],"class_list":["post-125901","post","type-post","status-publish","format-standard","has-post-thumbnail","hentry","category-cidade","category-destaque-da-semana","category-destaques-do-dia","category-ultima-hora"],"_links":{"self":[{"href":"https:\/\/diarioregionaldigital.com.br\/index.php?rest_route=\/wp\/v2\/posts\/125901","targetHints":{"allow":["GET"]}}],"collection":[{"href":"https:\/\/diarioregionaldigital.com.br\/index.php?rest_route=\/wp\/v2\/posts"}],"about":[{"href":"https:\/\/diarioregionaldigital.com.br\/index.php?rest_route=\/wp\/v2\/types\/post"}],"author":[{"embeddable":true,"href":"https:\/\/diarioregionaldigital.com.br\/index.php?rest_route=\/wp\/v2\/users\/96"}],"replies":[{"embeddable":true,"href":"https:\/\/diarioregionaldigital.com.br\/index.php?rest_route=%2Fwp%2Fv2%2Fcomments&post=125901"}],"version-history":[{"count":0,"href":"https:\/\/diarioregionaldigital.com.br\/index.php?rest_route=\/wp\/v2\/posts\/125901\/revisions"}],"wp:featuredmedia":[{"embeddable":true,"href":"https:\/\/diarioregionaldigital.com.br\/index.php?rest_route=\/wp\/v2\/media\/126003"}],"wp:attachment":[{"href":"https:\/\/diarioregionaldigital.com.br\/index.php?rest_route=%2Fwp%2Fv2%2Fmedia&parent=125901"}],"wp:term":[{"taxonomy":"category","embeddable":true,"href":"https:\/\/diarioregionaldigital.com.br\/index.php?rest_route=%2Fwp%2Fv2%2Fcategories&post=125901"},{"taxonomy":"post_tag","embeddable":true,"href":"https:\/\/diarioregionaldigital.com.br\/index.php?rest_route=%2Fwp%2Fv2%2Ftags&post=125901"}],"curies":[{"name":"wp","href":"https:\/\/api.w.org\/{rel}","templated":true}]}}