{"id":125899,"date":"2018-11-19T08:07:44","date_gmt":"2018-11-19T10:07:44","guid":{"rendered":"https:\/\/diarioregionaldigital.com.br\/?p=125899"},"modified":"2018-11-19T08:07:44","modified_gmt":"2018-11-19T10:07:44","slug":"pedestres-sao-vitimas-de-assalto-nas-regioes-leste-e-sul-de-jf","status":"publish","type":"post","link":"https:\/\/diarioregionaldigital.com.br\/?p=125899","title":{"rendered":"Pedestres s\u00e3o v\u00edtimas de assalto nas regi\u00f5es Leste e Sul de JF"},"content":{"rendered":"<p>Cinco pedestres foram assaltados em Juiz de Fora no fim da noite desse domingo, 18. Segundo a Pol\u00edcia Militar (PM), os casos registrados aconteceram nas regi\u00f5es Leste e Sul de Juiz de Fora.<\/p>\n<p>Em um dos registros, tr\u00eas jovens, de 14, 16 e 19 anos, passaram pela Rua Bar\u00e3o de Retiro, no bairro Bonfim, na zona Leste. Era por volta de 22h30, quando os adolescentes foram abordados por quatro assaltantes, um deles armado com uma faca. Os autores amea\u00e7aram os jovens e roubaram objetos pessoais das v\u00edtimas.<\/p>\n<p>O outro caso aconteceu na Avenida Itamar Franco, na altura do Bairro Dom Bosco, na zona Sul. Dois homens, de 25 e 26 anos, passavam pelo local, pouco antes da meia noite, quando foram abordados por tr\u00eas indiv\u00edduos. Eles roubaram as v\u00edtimas e fugiram em seguida.<\/p>\n<p>A PM realizou rastreamento na \u00e1rea, mas ningu\u00e9m foi encontrado.<\/p>\n","protected":false},"excerpt":{"rendered":"<p>Cinco pedestres foram assaltados em Juiz de Fora no fim da noite desse domingo, 18. Segundo a Pol\u00edcia Militar (PM), os casos registrados aconteceram nas regi\u00f5es Leste e Sul de Juiz de Fora. Em um dos registros, tr\u00eas jovens, de 14, 16 e 19 anos, passaram pela Rua Bar\u00e3o de Retiro, no bairro Bonfim, na [&hellip;]<\/p>\n","protected":false},"author":96,"featured_media":95836,"comment_status":"closed","ping_status":"closed","sticky":false,"template":"","format":"standard","meta":{"footnotes":""},"categories":[301],"tags":[],"class_list":["post-125899","post","type-post","status-publish","format-standard","has-post-thumbnail","hentry","category-artigos-policiais"],"_links":{"self":[{"href":"https:\/\/diarioregionaldigital.com.br\/index.php?rest_route=\/wp\/v2\/posts\/125899","targetHints":{"allow":["GET"]}}],"collection":[{"href":"https:\/\/diarioregionaldigital.com.br\/index.php?rest_route=\/wp\/v2\/posts"}],"about":[{"href":"https:\/\/diarioregionaldigital.com.br\/index.php?rest_route=\/wp\/v2\/types\/post"}],"author":[{"embeddable":true,"href":"https:\/\/diarioregionaldigital.com.br\/index.php?rest_route=\/wp\/v2\/users\/96"}],"replies":[{"embeddable":true,"href":"https:\/\/diarioregionaldigital.com.br\/index.php?rest_route=%2Fwp%2Fv2%2Fcomments&post=125899"}],"version-history":[{"count":0,"href":"https:\/\/diarioregionaldigital.com.br\/index.php?rest_route=\/wp\/v2\/posts\/125899\/revisions"}],"wp:featuredmedia":[{"embeddable":true,"href":"https:\/\/diarioregionaldigital.com.br\/index.php?rest_route=\/wp\/v2\/media\/95836"}],"wp:attachment":[{"href":"https:\/\/diarioregionaldigital.com.br\/index.php?rest_route=%2Fwp%2Fv2%2Fmedia&parent=125899"}],"wp:term":[{"taxonomy":"category","embeddable":true,"href":"https:\/\/diarioregionaldigital.com.br\/index.php?rest_route=%2Fwp%2Fv2%2Fcategories&post=125899"},{"taxonomy":"post_tag","embeddable":true,"href":"https:\/\/diarioregionaldigital.com.br\/index.php?rest_route=%2Fwp%2Fv2%2Ftags&post=125899"}],"curies":[{"name":"wp","href":"https:\/\/api.w.org\/{rel}","templated":true}]}}