{"id":125897,"date":"2018-11-19T07:45:59","date_gmt":"2018-11-19T09:45:59","guid":{"rendered":"https:\/\/diarioregionaldigital.com.br\/?p=125897"},"modified":"2018-11-19T07:45:59","modified_gmt":"2018-11-19T09:45:59","slug":"taxista-e-assaltado-no-bairro-olavo-costa","status":"publish","type":"post","link":"https:\/\/diarioregionaldigital.com.br\/?p=125897","title":{"rendered":"Taxista \u00e9 assaltado no bairro Olavo Costa"},"content":{"rendered":"<p>Um taxista, de 32 anos, foi v\u00edtima de assalto nesse domingo, 18, no bairro Olavo Costa, na regi\u00e3o Leste de Juiz de Fora. Por volta das 19h, ele atendia uma corrida solicitada para o bairro Guaru\u00e1, mas antes de chegar ao local foi assaltado por tr\u00eas passageiros.<\/p>\n<p>Segundo a v\u00edtima, os primeiros a entrar no carro foram dois jovens, uma mulher e um homem que aparentavam ser menores de idade. Eles pediram para que no trajeto at\u00e9 o bairro Guaru\u00e1, o motorista pegasse outro passageiro que estava em um supermercado no bairro Graminha.<\/p>\n<p>A viagem transcorria normalmente, quando na Rua Joaquim Tib\u00farcio, j\u00e1 no bairro Olavo Costa, os tr\u00eas anunciaram o assalto. Um dos autores, segundo o taxista, estava armado com uma faca. Foram roubados R$120 em dinheiro.<\/p>\n<p>Ap\u00f3s o crime, os tr\u00eas assaltantes fugiram e n\u00e3o foram localizados.<\/p>\n","protected":false},"excerpt":{"rendered":"<p>Um taxista, de 32 anos, foi v\u00edtima de assalto nesse domingo, 18, no bairro Olavo Costa, na regi\u00e3o Leste de Juiz de Fora. Por volta das 19h, ele atendia uma corrida solicitada para o bairro Guaru\u00e1, mas antes de chegar ao local foi assaltado por tr\u00eas passageiros. Segundo a v\u00edtima, os primeiros a entrar no [&hellip;]<\/p>\n","protected":false},"author":96,"featured_media":95836,"comment_status":"closed","ping_status":"closed","sticky":false,"template":"","format":"standard","meta":{"footnotes":""},"categories":[301],"tags":[],"class_list":["post-125897","post","type-post","status-publish","format-standard","has-post-thumbnail","hentry","category-artigos-policiais"],"_links":{"self":[{"href":"https:\/\/diarioregionaldigital.com.br\/index.php?rest_route=\/wp\/v2\/posts\/125897","targetHints":{"allow":["GET"]}}],"collection":[{"href":"https:\/\/diarioregionaldigital.com.br\/index.php?rest_route=\/wp\/v2\/posts"}],"about":[{"href":"https:\/\/diarioregionaldigital.com.br\/index.php?rest_route=\/wp\/v2\/types\/post"}],"author":[{"embeddable":true,"href":"https:\/\/diarioregionaldigital.com.br\/index.php?rest_route=\/wp\/v2\/users\/96"}],"replies":[{"embeddable":true,"href":"https:\/\/diarioregionaldigital.com.br\/index.php?rest_route=%2Fwp%2Fv2%2Fcomments&post=125897"}],"version-history":[{"count":0,"href":"https:\/\/diarioregionaldigital.com.br\/index.php?rest_route=\/wp\/v2\/posts\/125897\/revisions"}],"wp:featuredmedia":[{"embeddable":true,"href":"https:\/\/diarioregionaldigital.com.br\/index.php?rest_route=\/wp\/v2\/media\/95836"}],"wp:attachment":[{"href":"https:\/\/diarioregionaldigital.com.br\/index.php?rest_route=%2Fwp%2Fv2%2Fmedia&parent=125897"}],"wp:term":[{"taxonomy":"category","embeddable":true,"href":"https:\/\/diarioregionaldigital.com.br\/index.php?rest_route=%2Fwp%2Fv2%2Fcategories&post=125897"},{"taxonomy":"post_tag","embeddable":true,"href":"https:\/\/diarioregionaldigital.com.br\/index.php?rest_route=%2Fwp%2Fv2%2Ftags&post=125897"}],"curies":[{"name":"wp","href":"https:\/\/api.w.org\/{rel}","templated":true}]}}