{"id":125888,"date":"2018-11-18T13:59:21","date_gmt":"2018-11-18T15:59:21","guid":{"rendered":"https:\/\/diarioregionaldigital.com.br\/?p=125888"},"modified":"2018-11-18T13:59:21","modified_gmt":"2018-11-18T15:59:21","slug":"in-moda","status":"publish","type":"post","link":"https:\/\/diarioregionaldigital.com.br\/?p=125888","title":{"rendered":"IN MODA"},"content":{"rendered":"<p><span style=\"font-family: arial, helvetica, sans-serif;font-size: 12pt\"><strong>IN MODA &#8211; Por Ana Paula Calixto<\/strong><\/span><\/p>\n<p>&nbsp;<\/p>\n<p><span style=\"font-family: arial, helvetica, sans-serif;font-size: 18pt\"><strong>NEWS<\/strong><\/span><\/p>\n<p><span style=\"font-family: arial, helvetica, sans-serif;font-size: 12pt\"><strong>Marc Jacobs: o grunge est\u00e1 de volta!<\/strong><\/span><\/p>\n<p style=\"text-align: center\"><span style=\"font-family: arial, helvetica, sans-serif;font-size: 12pt\">Que os anos 90 voltaram com tudo todo mundo j\u00e1 sabe, mas Marc Jacobs trouxe a nostalgia de vez relan\u00e7ando sua cole\u00e7\u00e3o mais ic\u00f4nica. Conhecida como Grunge, as pe\u00e7as foram lan\u00e7adas pelas primeira vez em 92 para o ver\u00e3o de 1993. Na \u00e9poca o desfile foi visto como um desastre e hoje Marc Jacobs reafirma seu feeling para os movimentos de moda e relan\u00e7a suas cria\u00e7\u00f5es. A cole\u00e7\u00e3o mescla pe\u00e7as originais do desfile com novas propostas e at\u00e9 mesmo com alguns dos mesmos nomes do casting original em sua campanha. Vale conferir.<\/span><\/p>\n<p><img loading=\"lazy\" decoding=\"async\" class=\"size-medium wp-image-125889 aligncenter\" src=\"https:\/\/diarioregionaldigital.com.br\/wp-content\/uploads\/2018\/11\/MARC-JACOBS-271x300.png\" alt=\"\" width=\"271\" height=\"300\" srcset=\"https:\/\/diarioregionaldigital.com.br\/wp-content\/uploads\/2018\/11\/MARC-JACOBS-271x300.png 271w, https:\/\/diarioregionaldigital.com.br\/wp-content\/uploads\/2018\/11\/MARC-JACOBS-360x399.png 360w, https:\/\/diarioregionaldigital.com.br\/wp-content\/uploads\/2018\/11\/MARC-JACOBS.png 539w\" sizes=\"auto, (max-width: 271px) 100vw, 271px\" \/><\/p>\n<p>&nbsp;<\/p>\n<p><span style=\"font-family: arial, helvetica, sans-serif;font-size: 12pt\"><strong>C&amp;A + Missoni<\/strong><\/span><\/p>\n<p style=\"text-align: center\"><span style=\"font-family: arial, helvetica, sans-serif;font-size: 12pt\">Aconteceu na \u00faltima ter\u00e7a-feira, 13, o lan\u00e7amento da cole\u00e7\u00e3o da C&amp;A parceria com a Missoni, marca Italiana conhecida por seu trabalho em estamparia colorida em zig zag. A cole\u00e7\u00e3o j\u00e1 est\u00e1 nas lojas com pe\u00e7as que s\u00e3o a cara do ver\u00e3o.<\/span><\/p>\n<p><img loading=\"lazy\" decoding=\"async\" class=\"alignnone size-medium wp-image-125894 aligncenter\" src=\"https:\/\/diarioregionaldigital.com.br\/wp-content\/uploads\/2018\/11\/CA-Missoni-300x297.jpg\" alt=\"\" width=\"300\" height=\"297\" srcset=\"https:\/\/diarioregionaldigital.com.br\/wp-content\/uploads\/2018\/11\/CA-Missoni-300x297.jpg 300w, https:\/\/diarioregionaldigital.com.br\/wp-content\/uploads\/2018\/11\/CA-Missoni-150x150.jpg 150w, https:\/\/diarioregionaldigital.com.br\/wp-content\/uploads\/2018\/11\/CA-Missoni-120x120.jpg 120w, https:\/\/diarioregionaldigital.com.br\/wp-content\/uploads\/2018\/11\/CA-Missoni-360x357.jpg 360w, https:\/\/diarioregionaldigital.com.br\/wp-content\/uploads\/2018\/11\/CA-Missoni-80x80.jpg 80w, https:\/\/diarioregionaldigital.com.br\/wp-content\/uploads\/2018\/11\/CA-Missoni.jpg 720w\" sizes=\"auto, (max-width: 300px) 100vw, 300px\" \/><\/p>\n<p>&nbsp;<\/p>\n<p><span style=\"font-family: arial, helvetica, sans-serif;font-size: 14pt\"><strong>RADAR JF <\/strong><\/span><\/p>\n<p><span style=\"font-family: arial, helvetica, sans-serif;font-size: 12pt\"><strong>Trof\u00e9u Josino Arag\u00e3o <\/strong><\/span><\/p>\n<p><span style=\"font-family: arial, helvetica, sans-serif;font-size: 12pt\">\u00c9 na pr\u00f3xima sexta , dia 23 , no MHall, a terceira edi\u00e7\u00e3o da festa de premia\u00e7\u00e3o do Trof\u00e9u Josino Arag\u00e3o . Muita honrada em ser uma das homenageadas. Convites \u00e0 venda pelo telefone 2102- 9541<\/span><\/p>\n<p>&nbsp;<\/p>\n<p><span style=\"font-family: arial, helvetica, sans-serif;font-size: 12pt\"><strong>A Arte De Vestir <\/strong><\/span><\/p>\n<p><span style=\"font-family: arial, helvetica, sans-serif;font-size: 12pt\">Inscri\u00e7\u00f5es abertas para a \u00faltima edi\u00e7\u00e3o do ano, do curso funcional de moda A Arte de Vestir. Moda, estilo e tend\u00eancia no Ap. Da Moda.<\/span><\/p>\n<p>&nbsp;<\/p>\n<p><span style=\"font-size: 14pt\"><strong><span style=\"font-family: arial, helvetica, sans-serif\">CLICK IN MODA<\/span><\/strong><\/span><\/p>\n<p style=\"text-align: center\"><span style=\"font-family: arial, helvetica, sans-serif;font-size: 12pt\">O click da semana \u00e9 da bel\u00edssima Scarlet Ferreira.\u00a0<span style=\"font-size: 12pt\">Com o olhar talentoso de Felipe Bolpato.<\/span><\/span><\/p>\n<p style=\"text-align: left\"><span style=\"font-family: arial, helvetica, sans-serif;font-size: 12pt\"><img loading=\"lazy\" decoding=\"async\" class=\" wp-image-125895 aligncenter\" src=\"https:\/\/diarioregionaldigital.com.br\/wp-content\/uploads\/2018\/11\/CLICK-IN-MODA-199x300.jpg\" alt=\"\" width=\"210\" height=\"316\" srcset=\"https:\/\/diarioregionaldigital.com.br\/wp-content\/uploads\/2018\/11\/CLICK-IN-MODA-199x300.jpg 199w, https:\/\/diarioregionaldigital.com.br\/wp-content\/uploads\/2018\/11\/CLICK-IN-MODA-768x1157.jpg 768w, https:\/\/diarioregionaldigital.com.br\/wp-content\/uploads\/2018\/11\/CLICK-IN-MODA-680x1024.jpg 680w, https:\/\/diarioregionaldigital.com.br\/wp-content\/uploads\/2018\/11\/CLICK-IN-MODA-360x542.jpg 360w, https:\/\/diarioregionaldigital.com.br\/wp-content\/uploads\/2018\/11\/CLICK-IN-MODA.jpg 850w\" sizes=\"auto, (max-width: 210px) 100vw, 210px\" \/><br \/>\n<\/span><\/p>\n<p>&nbsp;<\/p>\n<p>&nbsp;<\/p>\n<p><span style=\"font-family: arial, helvetica, sans-serif;font-size: 14pt\"><strong>TRENDS<\/strong><\/span><\/p>\n<p><span style=\"font-family: arial, helvetica, sans-serif;font-size: 12pt\"><strong>Os sapatos da esta\u00e7\u00e3o<\/strong><\/span><\/p>\n<p><span style=\"font-family: arial, helvetica, sans-serif;font-size: 12pt\">Dia 01 de dezembro o ver\u00e3o chega aos nossos dias oficialmente! \u00c9 a oportunidade perfeita para renovar suas prateleiras com as tend\u00eancias que vieram para ficar!<\/span><\/p>\n<p><span style=\"font-family: arial, helvetica, sans-serif;font-size: 12pt\"><em>O salto blocado<\/em><\/span><\/p>\n<p><span style=\"font-family: arial, helvetica, sans-serif;font-size: 12pt\">Conforto e estilo andam juntos nessa trend. Al\u00e9m de lindos, os saltos blocados te acompanham durante o dia todo, do trabalho ao happy hour. E que tal aproveitar para investir naquela cor ou estampa que voc\u00ea nunca usa?<\/span><\/p>\n<p>&nbsp;<\/p>\n<p><img loading=\"lazy\" decoding=\"async\" class=\"size-full wp-image-125890 aligncenter\" src=\"https:\/\/diarioregionaldigital.com.br\/wp-content\/uploads\/2018\/11\/o-salto-blocado.jpg\" alt=\"\" width=\"300\" height=\"300\" srcset=\"https:\/\/diarioregionaldigital.com.br\/wp-content\/uploads\/2018\/11\/o-salto-blocado.jpg 300w, https:\/\/diarioregionaldigital.com.br\/wp-content\/uploads\/2018\/11\/o-salto-blocado-150x150.jpg 150w, https:\/\/diarioregionaldigital.com.br\/wp-content\/uploads\/2018\/11\/o-salto-blocado-180x180.jpg 180w, https:\/\/diarioregionaldigital.com.br\/wp-content\/uploads\/2018\/11\/o-salto-blocado-120x120.jpg 120w, https:\/\/diarioregionaldigital.com.br\/wp-content\/uploads\/2018\/11\/o-salto-blocado-80x80.jpg 80w\" sizes=\"auto, (max-width: 300px) 100vw, 300px\" \/><\/p>\n<p>&nbsp;<\/p>\n<p><span style=\"font-family: arial, helvetica, sans-serif;font-size: 12pt\"><em>Slingback<\/em><\/span><\/p>\n<p><span style=\"font-family: arial, helvetica, sans-serif;font-size: 12pt\">O nome pode n\u00e3o ser familiar mas o modelo \u00e9 cl\u00e1ssico! Parecido com as mules, o slingback \u00e9 mais indicado para o ambiente de trabalho por exemplo, e d\u00e1 aquele ar fashionista instantaneamente!<\/span><\/p>\n<p>&nbsp;<\/p>\n<p><img loading=\"lazy\" decoding=\"async\" class=\"alignnone size-medium wp-image-125891 aligncenter\" src=\"https:\/\/diarioregionaldigital.com.br\/wp-content\/uploads\/2018\/11\/slingback-217x300.jpg\" alt=\"\" width=\"217\" height=\"300\" srcset=\"https:\/\/diarioregionaldigital.com.br\/wp-content\/uploads\/2018\/11\/slingback-217x300.jpg 217w, https:\/\/diarioregionaldigital.com.br\/wp-content\/uploads\/2018\/11\/slingback-768x1064.jpg 768w, https:\/\/diarioregionaldigital.com.br\/wp-content\/uploads\/2018\/11\/slingback-739x1024.jpg 739w, https:\/\/diarioregionaldigital.com.br\/wp-content\/uploads\/2018\/11\/slingback-360x500.jpg 360w, https:\/\/diarioregionaldigital.com.br\/wp-content\/uploads\/2018\/11\/slingback.jpg 1024w\" sizes=\"auto, (max-width: 217px) 100vw, 217px\" \/><\/p>\n<p>&nbsp;<\/p>\n<p><span style=\"font-family: arial, helvetica, sans-serif;font-size: 12pt\"><em>As botas<\/em><\/span><\/p>\n<p><span style=\"font-family: arial, helvetica, sans-serif;font-size: 12pt\">Sim, as botas de cano curto continuam nos p\u00e9s\u00a0 das apaixonadas por moda nos dias mais quentes. As botas brancas e vermelhas foram hit das \u00faltimas esta\u00e7\u00f5es e agora se unem a mais uma tend\u00eancia: o animal print. As estampas de animais s\u00e3o a grande aposta do ver\u00e3o 2019, com destaque especial para as cobras. Elas invadiram os guarda-roupas e n\u00e3o ser\u00e1 diferente nos p\u00e9s das mais antenadas.<\/span><\/p>\n<p>&nbsp;<\/p>\n<p><img loading=\"lazy\" decoding=\"async\" class=\"alignnone size-medium wp-image-125892 aligncenter\" src=\"https:\/\/diarioregionaldigital.com.br\/wp-content\/uploads\/2018\/11\/as-botas-217x300.png\" alt=\"\" width=\"217\" height=\"300\" srcset=\"https:\/\/diarioregionaldigital.com.br\/wp-content\/uploads\/2018\/11\/as-botas-217x300.png 217w, https:\/\/diarioregionaldigital.com.br\/wp-content\/uploads\/2018\/11\/as-botas-360x500.png 360w, https:\/\/diarioregionaldigital.com.br\/wp-content\/uploads\/2018\/11\/as-botas.png 405w\" sizes=\"auto, (max-width: 217px) 100vw, 217px\" \/><\/p>\n<p>&nbsp;<\/p>\n<p><span style=\"font-family: arial, helvetica, sans-serif;font-size: 12pt\"><strong>BELEZA<\/strong><\/span><\/p>\n<p><span style=\"font-family: arial, helvetica, sans-serif;font-size: 12pt\"><strong>L\u00e1bios esfumados<\/strong><\/span><\/p>\n<p><span style=\"font-family: arial, helvetica, sans-serif;font-size: 12pt\">O ar natural tomou conta da beleza feminina nos \u00faltimos anos. Dessa vez a tend\u00eancia chegou aos l\u00e1bios: ignorando o contorno natural, a nova proposta \u00e9 passar o batom meio borradinho mesmo. Fica charmoso e d\u00e1 mais volume aos l\u00e1bios. Lip balms,\u00a0 batons avermelhados e nudes s\u00e3o os produtos perfeitos para testar o truque.<\/span><\/p>\n<p><img loading=\"lazy\" decoding=\"async\" class=\"alignnone size-full wp-image-125893 aligncenter\" src=\"https:\/\/diarioregionaldigital.com.br\/wp-content\/uploads\/2018\/11\/L\u00c1BIOS-ESFUMADOS.jpg\" alt=\"\" width=\"194\" height=\"259\" \/><\/p>\n<p>&nbsp;<\/p>\n<p style=\"text-align: right\"><span style=\"font-family: arial, helvetica, sans-serif\"><strong>Colaboradoras:<\/strong><\/span><\/p>\n<p style=\"text-align: right\"><span style=\"font-family: arial, helvetica, sans-serif\">Deusiane Ladeira<\/span><\/p>\n<p style=\"text-align: right\"><span style=\"font-family: arial, helvetica, sans-serif\">Izabella Assis<\/span><\/p>\n<p style=\"text-align: right\"><span style=\"font-family: arial, helvetica, sans-serif\">Mariana Assad<\/span><\/p>\n","protected":false},"excerpt":{"rendered":"<p>IN MODA &#8211; Por Ana Paula Calixto &nbsp; NEWS Marc Jacobs: o grunge est\u00e1 de volta! Que os anos 90 voltaram com tudo todo mundo j\u00e1 sabe, mas Marc Jacobs trouxe a nostalgia de vez relan\u00e7ando sua cole\u00e7\u00e3o mais ic\u00f4nica. Conhecida como Grunge, as pe\u00e7as foram lan\u00e7adas pelas primeira vez em 92 para o ver\u00e3o [&hellip;]<\/p>\n","protected":false},"author":96,"featured_media":0,"comment_status":"closed","ping_status":"closed","sticky":false,"template":"","format":"standard","meta":{"footnotes":""},"categories":[285],"tags":[],"class_list":["post-125888","post","type-post","status-publish","format-standard","hentry","category-moda-ana-paula-calixto"],"_links":{"self":[{"href":"https:\/\/diarioregionaldigital.com.br\/index.php?rest_route=\/wp\/v2\/posts\/125888","targetHints":{"allow":["GET"]}}],"collection":[{"href":"https:\/\/diarioregionaldigital.com.br\/index.php?rest_route=\/wp\/v2\/posts"}],"about":[{"href":"https:\/\/diarioregionaldigital.com.br\/index.php?rest_route=\/wp\/v2\/types\/post"}],"author":[{"embeddable":true,"href":"https:\/\/diarioregionaldigital.com.br\/index.php?rest_route=\/wp\/v2\/users\/96"}],"replies":[{"embeddable":true,"href":"https:\/\/diarioregionaldigital.com.br\/index.php?rest_route=%2Fwp%2Fv2%2Fcomments&post=125888"}],"version-history":[{"count":0,"href":"https:\/\/diarioregionaldigital.com.br\/index.php?rest_route=\/wp\/v2\/posts\/125888\/revisions"}],"wp:attachment":[{"href":"https:\/\/diarioregionaldigital.com.br\/index.php?rest_route=%2Fwp%2Fv2%2Fmedia&parent=125888"}],"wp:term":[{"taxonomy":"category","embeddable":true,"href":"https:\/\/diarioregionaldigital.com.br\/index.php?rest_route=%2Fwp%2Fv2%2Fcategories&post=125888"},{"taxonomy":"post_tag","embeddable":true,"href":"https:\/\/diarioregionaldigital.com.br\/index.php?rest_route=%2Fwp%2Fv2%2Ftags&post=125888"}],"curies":[{"name":"wp","href":"https:\/\/api.w.org\/{rel}","templated":true}]}}