{"id":125880,"date":"2018-11-17T11:55:17","date_gmt":"2018-11-17T13:55:17","guid":{"rendered":"https:\/\/diarioregionaldigital.com.br\/?p=125880"},"modified":"2018-11-17T11:55:17","modified_gmt":"2018-11-17T13:55:17","slug":"mais-de-2-mil-refugiados-haitianos-recebem-autorizacao-de-residencia","status":"publish","type":"post","link":"https:\/\/diarioregionaldigital.com.br\/?p=125880","title":{"rendered":"Mais de 2 mil refugiados haitianos recebem autoriza\u00e7\u00e3o de resid\u00eancia"},"content":{"rendered":"<p>Um grupo de 2.242 haitianos recebeu autoriza\u00e7\u00e3o de resid\u00eancia no Brasil, a t\u00edtulo de acolhida humanit\u00e1ria, informou o Minist\u00e9rio da Justi\u00e7a, nesta sexta-feira, 16. Desde o in\u00edcio do ano, o Brasil j\u00e1 concedeu 6.242 autoriza\u00e7\u00f5es de resid\u00eancia a haitianos como forma de acolhida humanit\u00e1ria.<\/p>\n<p>Segundo o despacho, imigrantes haitianos que receberam a autoriza\u00e7\u00e3o devem fazer registro junto \u00e0 Pol\u00edcia Federal no prazo de 30 dias. Eles devem apresentar documento oficial de identidade, ou documento de viagem; duas fotos 3X4; certid\u00e3o de nascimento ou consular; antecedentes criminais nos Estados brasileiros que tenha residido nos \u00faltimos cinco anos; declara\u00e7\u00e3o de aus\u00eancia de antecedentes criminais nos \u00faltimos anos em qualquer pa\u00eds que tenha residido e comprovante de solicita\u00e7\u00e3o de ref\u00fagio.<\/p>\n<p>Os beneficiados com a autoriza\u00e7\u00e3o de resid\u00eancia est\u00e3o isentos de taxas para obter a regulariza\u00e7\u00e3o imigrat\u00f3ria.<\/p>\n<p><span class=\"discreet\">Fonte: Governo do Brasil, com informa\u00e7\u00f5es do\u00a0<a class=\"external-link\" title=\"\" href=\"http:\/\/justica.gov.br\/\" target=\"_blank\" rel=\"noopener\" data-tippreview-enabled=\"false\" data-tippreview-image=\"\" data-tippreview-title=\"\">Minist\u00e9rio da Justi\u00e7a<\/a><\/span><\/p>\n","protected":false},"excerpt":{"rendered":"<p>Um grupo de 2.242 haitianos recebeu autoriza\u00e7\u00e3o de resid\u00eancia no Brasil, a t\u00edtulo de acolhida humanit\u00e1ria, informou o Minist\u00e9rio da Justi\u00e7a, nesta sexta-feira, 16. Desde o in\u00edcio do ano, o Brasil j\u00e1 concedeu 6.242 autoriza\u00e7\u00f5es de resid\u00eancia a haitianos como forma de acolhida humanit\u00e1ria. Segundo o despacho, imigrantes haitianos que receberam a autoriza\u00e7\u00e3o devem fazer [&hellip;]<\/p>\n","protected":false},"author":96,"featured_media":125881,"comment_status":"closed","ping_status":"closed","sticky":false,"template":"","format":"standard","meta":{"footnotes":""},"categories":[302,436,439],"tags":[],"class_list":["post-125880","post","type-post","status-publish","format-standard","has-post-thumbnail","hentry","category-brasil-mundo","category-destaque-da-semana","category-ultima-hora"],"_links":{"self":[{"href":"https:\/\/diarioregionaldigital.com.br\/index.php?rest_route=\/wp\/v2\/posts\/125880","targetHints":{"allow":["GET"]}}],"collection":[{"href":"https:\/\/diarioregionaldigital.com.br\/index.php?rest_route=\/wp\/v2\/posts"}],"about":[{"href":"https:\/\/diarioregionaldigital.com.br\/index.php?rest_route=\/wp\/v2\/types\/post"}],"author":[{"embeddable":true,"href":"https:\/\/diarioregionaldigital.com.br\/index.php?rest_route=\/wp\/v2\/users\/96"}],"replies":[{"embeddable":true,"href":"https:\/\/diarioregionaldigital.com.br\/index.php?rest_route=%2Fwp%2Fv2%2Fcomments&post=125880"}],"version-history":[{"count":0,"href":"https:\/\/diarioregionaldigital.com.br\/index.php?rest_route=\/wp\/v2\/posts\/125880\/revisions"}],"wp:featuredmedia":[{"embeddable":true,"href":"https:\/\/diarioregionaldigital.com.br\/index.php?rest_route=\/wp\/v2\/media\/125881"}],"wp:attachment":[{"href":"https:\/\/diarioregionaldigital.com.br\/index.php?rest_route=%2Fwp%2Fv2%2Fmedia&parent=125880"}],"wp:term":[{"taxonomy":"category","embeddable":true,"href":"https:\/\/diarioregionaldigital.com.br\/index.php?rest_route=%2Fwp%2Fv2%2Fcategories&post=125880"},{"taxonomy":"post_tag","embeddable":true,"href":"https:\/\/diarioregionaldigital.com.br\/index.php?rest_route=%2Fwp%2Fv2%2Ftags&post=125880"}],"curies":[{"name":"wp","href":"https:\/\/api.w.org\/{rel}","templated":true}]}}