{"id":125873,"date":"2018-11-17T11:49:42","date_gmt":"2018-11-17T13:49:42","guid":{"rendered":"https:\/\/diarioregionaldigital.com.br\/?p=125873"},"modified":"2018-11-17T11:50:01","modified_gmt":"2018-11-17T13:50:01","slug":"agronegocio-exportou-us-73-bi-a-mais-do-que-importou-em-outubro","status":"publish","type":"post","link":"https:\/\/diarioregionaldigital.com.br\/?p=125873","title":{"rendered":"Agroneg\u00f3cio exportou US$ 7,3 bi a mais do que importou em outubro"},"content":{"rendered":"<p>O agroneg\u00f3cio brasileiro exportou US$ 7,3 bilh\u00f5es a mais do que importou em outubro. Segundo o Minist\u00e9rio da Agricultura, Pecu\u00e1ria e Abastecimento, esse saldo positivo na balan\u00e7a comercial foi formado pela diferen\u00e7a entre vendas de US$ 8,48 bilh\u00f5es e importa\u00e7\u00f5es de US$ 1,19 bilh\u00e3o.<\/p>\n<p>Com o desempenho do per\u00edodo, o agroneg\u00f3cio passou a representar 38,5% de todas as exporta\u00e7\u00f5es do Pa\u00eds em outubro. As vendas do complexo soja, que envolvem gr\u00e3os, farelo e \u00f3leo, aumentaram 78,8% frente a outubro do ano passado e alcan\u00e7aram US$ 2,62 bilh\u00f5es.<\/p>\n<p>A maior parte das exporta\u00e7\u00f5es de soja foi do produto em gr\u00e3o, com volume recorde para os meses de outubro: 5,35 milh\u00f5es de toneladas (alta de 115,1%) e US$ 2,11 bilh\u00f5es de faturamento, tamb\u00e9m um recorde para o m\u00eas.<\/p>\n<p>J\u00e1 a exporta\u00e7\u00e3o de carnes ficou em US$ 1,35 bilh\u00e3o. Em volume, houve aumento de 3,5%, com 608 mil toneladas. O principal item foi a carne bovina, com US$ 619 milh\u00f5es (+3,3%). Os produtos florestais ficaram em terceiro lugar, com US$ 1,12 bilh\u00e3o e crescimento de 10,2%.<\/p>\n<p><span class=\"discreet\">Fonte: Governo do Brasil, com informa\u00e7\u00f5es do\u00a0<a class=\"external-link\" title=\"\" href=\"http:\/\/www.agricultura.gov.br\/\" target=\"_blank\" rel=\"noopener\" data-tippreview-enabled=\"false\" data-tippreview-image=\"\" data-tippreview-title=\"\">Minist\u00e9rio da Agricultura<\/a><\/span><\/p>\n","protected":false},"excerpt":{"rendered":"<p>O agroneg\u00f3cio brasileiro exportou US$ 7,3 bilh\u00f5es a mais do que importou em outubro. Segundo o Minist\u00e9rio da Agricultura, Pecu\u00e1ria e Abastecimento, esse saldo positivo na balan\u00e7a comercial foi formado pela diferen\u00e7a entre vendas de US$ 8,48 bilh\u00f5es e importa\u00e7\u00f5es de US$ 1,19 bilh\u00e3o. Com o desempenho do per\u00edodo, o agroneg\u00f3cio passou a representar 38,5% [&hellip;]<\/p>\n","protected":false},"author":96,"featured_media":125874,"comment_status":"closed","ping_status":"closed","sticky":false,"template":"","format":"standard","meta":{"footnotes":""},"categories":[302,436,261,439],"tags":[],"class_list":["post-125873","post","type-post","status-publish","format-standard","has-post-thumbnail","hentry","category-brasil-mundo","category-destaque-da-semana","category-economia","category-ultima-hora"],"_links":{"self":[{"href":"https:\/\/diarioregionaldigital.com.br\/index.php?rest_route=\/wp\/v2\/posts\/125873","targetHints":{"allow":["GET"]}}],"collection":[{"href":"https:\/\/diarioregionaldigital.com.br\/index.php?rest_route=\/wp\/v2\/posts"}],"about":[{"href":"https:\/\/diarioregionaldigital.com.br\/index.php?rest_route=\/wp\/v2\/types\/post"}],"author":[{"embeddable":true,"href":"https:\/\/diarioregionaldigital.com.br\/index.php?rest_route=\/wp\/v2\/users\/96"}],"replies":[{"embeddable":true,"href":"https:\/\/diarioregionaldigital.com.br\/index.php?rest_route=%2Fwp%2Fv2%2Fcomments&post=125873"}],"version-history":[{"count":0,"href":"https:\/\/diarioregionaldigital.com.br\/index.php?rest_route=\/wp\/v2\/posts\/125873\/revisions"}],"wp:featuredmedia":[{"embeddable":true,"href":"https:\/\/diarioregionaldigital.com.br\/index.php?rest_route=\/wp\/v2\/media\/125874"}],"wp:attachment":[{"href":"https:\/\/diarioregionaldigital.com.br\/index.php?rest_route=%2Fwp%2Fv2%2Fmedia&parent=125873"}],"wp:term":[{"taxonomy":"category","embeddable":true,"href":"https:\/\/diarioregionaldigital.com.br\/index.php?rest_route=%2Fwp%2Fv2%2Fcategories&post=125873"},{"taxonomy":"post_tag","embeddable":true,"href":"https:\/\/diarioregionaldigital.com.br\/index.php?rest_route=%2Fwp%2Fv2%2Ftags&post=125873"}],"curies":[{"name":"wp","href":"https:\/\/api.w.org\/{rel}","templated":true}]}}