{"id":125862,"date":"2018-11-18T06:00:45","date_gmt":"2018-11-18T08:00:45","guid":{"rendered":"https:\/\/diarioregionaldigital.com.br\/?p=125862"},"modified":"2018-11-17T09:18:32","modified_gmt":"2018-11-17T11:18:32","slug":"o-principe-danilo-do-sesc","status":"publish","type":"post","link":"https:\/\/diarioregionaldigital.com.br\/?p=125862","title":{"rendered":"O PR\u00cdNCIPE DANILO DO SESC"},"content":{"rendered":"<p>H\u00e1 muitos anos mantemos um contato prazeroso com o educador Danilo Santos de Miranda. De forma carinhosa, costumo cham\u00e1-lo de \u201cPr\u00edncipe Danilo da Cultura\u201d, fazendo uma analogia com o \u201cPr\u00edncipe Danilo do Futebol\u201d, neste caso o jogador Danilo Alvim, craque do Am\u00e9rica, do Vasco da Gama e da sele\u00e7\u00e3o brasileira, que tive o prazer de ver jogar. Ambos se destacaram pela eleg\u00e2ncia em suas \u00e1reas de atua\u00e7\u00e3o. Nascido em Campos dos Goytacazes, no Norte Fluminense, mas radicado em S\u00e3o Paulo, onde \u00e9 uma das figuras de maior relevo na cena cultural brasileira, atrav\u00e9s do eficiente trabalho que desenvolve no Sesc, Danilo n\u00e3o economiza recursos e esfor\u00e7os quando o assunto \u00e9 levar arte e divertimento \u00e0 popula\u00e7\u00e3o.<\/p>\n<p>Gra\u00e7as aos programas da sua competente equipe do Sesc, criado em 1946 (h\u00e1 72 anos), existe uma programa\u00e7\u00e3o regular que disponibiliza para todos exposi\u00e7\u00f5es, shows e espet\u00e1culos teatrais de qualidade que fazem a alegria de crian\u00e7as, jovens e adultos. As atividades conseguem atingir a mais de 15 milh\u00f5es de pessoas, colaborando para a forma\u00e7\u00e3o cultural de grande n\u00famero de estudantes que prestigiam as apresenta\u00e7\u00f5es. Destacamos ainda que os projetos formatados no segmento literatura ajudam a melhorar o h\u00e1bito de leitura e valorizam a produ\u00e7\u00e3o do mercado editorial. N\u00e3o podemos esquecer as a\u00e7\u00f5es ligadas ao atendimento m\u00e9dico, que tamb\u00e9m fazem parte do pacote, promovendo a assist\u00eancia \u00e0 sa\u00fade e garantindo o bem-estar de todos que recorrem aos servi\u00e7os.<\/p>\n<p>Os exemplos citados refor\u00e7am a import\u00e2ncia das atividades desenvolvidas pelo chamado Sistema S (Sesc, Sesi, Senai e Senar). Mesmo assim, de vez em quando v\u00eam \u00e0 tona algumas not\u00edcias dando conta de que o governo pretende destinar parte dos recursos dessas entidades para projetos educacionais. S\u00f3 que a verba do Sistema S j\u00e1 atende h\u00e1 muitos anos a esta demanda. S\u00e3o coment\u00e1rios e boatos, alguns deles chegando a at\u00e9 mesmo a aventar a possibilidade de extin\u00e7\u00e3o do sistema, e que n\u00e3o ajudam em nada a mostrar a real import\u00e2ncia do trabalho feito h\u00e1 d\u00e9cadas.<\/p>\n<p>Como estamos \u00e0s v\u00e9speras da posse do novo governo eleito, o pr\u00f3prio Danilo Santos de Miranda usou as redes sociais para informar que n\u00e3o h\u00e1 nenhum fato efetivo, documento, proposta ou indica\u00e7\u00e3o objetiva de mudan\u00e7as ou extin\u00e7\u00e3o: \u201cVamos continuar com esfor\u00e7o para cumprir o nosso objetivo e nossa miss\u00e3o diariamente\u201d. Segundo ele, o Sesc tem o amparo da Constitui\u00e7\u00e3o para realizar seu trabalho de maneira tranquila, usando os recursos provenientes da contribui\u00e7\u00e3o de todas as empresas do com\u00e9rcio, de servi\u00e7os e de turismo. Tudo precisa ser mantido e preservado.<\/p>\n<p>Falando em nome de mais de 7 mil funcion\u00e1rios do Sesc S\u00e3o Paulo e de mais de 32 mil do pa\u00eds inteiro (Sesc nacional), e tamb\u00e9m de todos os trabalhadores das demais institui\u00e7\u00f5es que comp\u00f5em o Sistema S, Danilo Santos de Miranda lembra que \u00e9 fundamental manter a ess\u00eancia do que tem sido feito durante todos esses anos. Ele destaca o car\u00e1ter sociocultural voltado para v\u00e1rios campos, onde a cultura tem um papel importante, mas tamb\u00e9m, a atividade f\u00edsica, o esporte, a recrea\u00e7\u00e3o, o lazer, as quest\u00f5es ligadas \u00e0 alimenta\u00e7\u00e3o, a sa\u00fade de forma geral, o atendimento ao idoso, \u00e0 crian\u00e7a e ao adolescente. Ele chama a aten\u00e7\u00e3o das particularidades contidas nas programa\u00e7\u00f5es oferecidas ao p\u00fablico: \u201cS\u00e3o aspectos essenciais do dia a dia e do bem-estar, os quais realizamos, cumprindo a miss\u00e3o da institui\u00e7\u00e3o\u201d.<\/p>\n","protected":false},"excerpt":{"rendered":"<p>H\u00e1 muitos anos mantemos um contato prazeroso com o educador Danilo Santos de Miranda. De forma carinhosa, costumo cham\u00e1-lo de \u201cPr\u00edncipe Danilo da Cultura\u201d, fazendo uma analogia com o \u201cPr\u00edncipe Danilo do Futebol\u201d, neste caso o jogador Danilo Alvim, craque do Am\u00e9rica, do Vasco da Gama e da sele\u00e7\u00e3o brasileira, que tive o prazer de [&hellip;]<\/p>\n","protected":false},"author":96,"featured_media":96753,"comment_status":"closed","ping_status":"closed","sticky":false,"template":"","format":"standard","meta":{"footnotes":""},"categories":[275,435,436],"tags":[],"class_list":["post-125862","post","type-post","status-publish","format-standard","has-post-thumbnail","hentry","category-arnaldo-niskier","category-colunas","category-destaque-da-semana"],"_links":{"self":[{"href":"https:\/\/diarioregionaldigital.com.br\/index.php?rest_route=\/wp\/v2\/posts\/125862","targetHints":{"allow":["GET"]}}],"collection":[{"href":"https:\/\/diarioregionaldigital.com.br\/index.php?rest_route=\/wp\/v2\/posts"}],"about":[{"href":"https:\/\/diarioregionaldigital.com.br\/index.php?rest_route=\/wp\/v2\/types\/post"}],"author":[{"embeddable":true,"href":"https:\/\/diarioregionaldigital.com.br\/index.php?rest_route=\/wp\/v2\/users\/96"}],"replies":[{"embeddable":true,"href":"https:\/\/diarioregionaldigital.com.br\/index.php?rest_route=%2Fwp%2Fv2%2Fcomments&post=125862"}],"version-history":[{"count":0,"href":"https:\/\/diarioregionaldigital.com.br\/index.php?rest_route=\/wp\/v2\/posts\/125862\/revisions"}],"wp:featuredmedia":[{"embeddable":true,"href":"https:\/\/diarioregionaldigital.com.br\/index.php?rest_route=\/wp\/v2\/media\/96753"}],"wp:attachment":[{"href":"https:\/\/diarioregionaldigital.com.br\/index.php?rest_route=%2Fwp%2Fv2%2Fmedia&parent=125862"}],"wp:term":[{"taxonomy":"category","embeddable":true,"href":"https:\/\/diarioregionaldigital.com.br\/index.php?rest_route=%2Fwp%2Fv2%2Fcategories&post=125862"},{"taxonomy":"post_tag","embeddable":true,"href":"https:\/\/diarioregionaldigital.com.br\/index.php?rest_route=%2Fwp%2Fv2%2Ftags&post=125862"}],"curies":[{"name":"wp","href":"https:\/\/api.w.org\/{rel}","templated":true}]}}