{"id":125860,"date":"2018-11-18T06:00:32","date_gmt":"2018-11-18T08:00:32","guid":{"rendered":"https:\/\/diarioregionaldigital.com.br\/?p=125860"},"modified":"2018-11-17T09:20:21","modified_gmt":"2018-11-17T11:20:21","slug":"criando-metas-equilibradas","status":"publish","type":"post","link":"https:\/\/diarioregionaldigital.com.br\/?p=125860","title":{"rendered":"CRIANDO METAS EQUILIBRADAS"},"content":{"rendered":"<p>\u00c9 preciso identificar as diferentes \u00e1reas da vida e, em cada uma, criar uma meta equilibrada, seja ela cultural, f\u00edsica, financeira, familiar, profissional ou espiritual. E a meta deve ser sua e n\u00e3o de outra pessoa.<\/p>\n<p>Certas pessoas dizem que escolheram fazer isso ou aquilo na vida porque esse era o desejo de seus pais. Um pai pode desejar que seu filho estude medicina, mas nunca pode impor isso a ele! Acredite: A sua capacidade de decidir sobre a sua vida \u00e9 um passo essencial para a realiza\u00e7\u00e3o dos seus ideais. Quem assume para si uma meta que n\u00e3o \u00e9 sua, est\u00e1 assumindo a pr\u00f3pria infelicidade.<\/p>\n<p>Meta deve ser pessoal. Voc\u00ea tem de estar comprometido com ela.<\/p>\n<p>Estar comprometido \u00e9 muito mais do que estar envolvido. Quem se envolve se liga, participa. Quem se compromete deixa de ter medo, vestindo e suando a camisa.<\/p>\n<p><span style=\"font-size: 14pt;\"><strong>O tamanho da meta<\/strong><\/span><\/p>\n<p>A meta deve ser grande. Grande mesmo. T\u00e3o grande que, se voc\u00ea contar para um amigo, ele n\u00e3o acreditar que voc\u00ea \u00e9 capaz de realiz\u00e1-la.<\/p>\n<p>Quando fui estudar na Universidade de Harvard, em 1976, eu disse a um colega que em tr\u00eas anos eu estaria ensinando cardiologia nos Estados Unidos. Ele ironizou, pois eu nem sabia falar ingl\u00eas muito bem. Passados exatos oito meses depois dessa conversa, eu estava fazendo minha primeira palestra para quatrocentos cardiologistas em Washington, D.C. Quando o meu amigo duvidou, eu sabia que estava no caminho certo!<\/p>\n<p><span style=\"font-size: 14pt;\"><strong>A forma da meta<\/strong><\/span><\/p>\n<p>A meta tem de ser espec\u00edfica. Voc\u00ea quer dinheiro? Ent\u00e3o, especifique quanto dinheiro voc\u00ea quer. Dinheiro, simplesmente, voc\u00ea j\u00e1 tem no bolso; ent\u00e3o, isso n\u00e3o \u00e9 uma meta.<\/p>\n<p>\u2014 Eu quero ter 50 mil d\u00f3lares na minha conta banc\u00e1ria.<\/p>\n<p>Agora sim a sua mente entende, pois, o pedido \u00e9 espec\u00edfico. A mente s\u00f3 entende a mensagem quando voc\u00ea fala exatamente o que quer. A\u00ed, o seu subconsciente processa o seu pedido e providencia a realiza\u00e7\u00e3o.<\/p>\n","protected":false},"excerpt":{"rendered":"<p>\u00c9 preciso identificar as diferentes \u00e1reas da vida e, em cada uma, criar uma meta equilibrada, seja ela cultural, f\u00edsica, financeira, familiar, profissional ou espiritual. E a meta deve ser sua e n\u00e3o de outra pessoa. Certas pessoas dizem que escolheram fazer isso ou aquilo na vida porque esse era o desejo de seus pais. [&hellip;]<\/p>\n","protected":false},"author":96,"featured_media":96755,"comment_status":"closed","ping_status":"closed","sticky":false,"template":"","format":"standard","meta":{"footnotes":""},"categories":[435,436,274],"tags":[],"class_list":["post-125860","post","type-post","status-publish","format-standard","has-post-thumbnail","hentry","category-colunas","category-destaque-da-semana","category-dr-lair-ribeiro"],"_links":{"self":[{"href":"https:\/\/diarioregionaldigital.com.br\/index.php?rest_route=\/wp\/v2\/posts\/125860","targetHints":{"allow":["GET"]}}],"collection":[{"href":"https:\/\/diarioregionaldigital.com.br\/index.php?rest_route=\/wp\/v2\/posts"}],"about":[{"href":"https:\/\/diarioregionaldigital.com.br\/index.php?rest_route=\/wp\/v2\/types\/post"}],"author":[{"embeddable":true,"href":"https:\/\/diarioregionaldigital.com.br\/index.php?rest_route=\/wp\/v2\/users\/96"}],"replies":[{"embeddable":true,"href":"https:\/\/diarioregionaldigital.com.br\/index.php?rest_route=%2Fwp%2Fv2%2Fcomments&post=125860"}],"version-history":[{"count":0,"href":"https:\/\/diarioregionaldigital.com.br\/index.php?rest_route=\/wp\/v2\/posts\/125860\/revisions"}],"wp:featuredmedia":[{"embeddable":true,"href":"https:\/\/diarioregionaldigital.com.br\/index.php?rest_route=\/wp\/v2\/media\/96755"}],"wp:attachment":[{"href":"https:\/\/diarioregionaldigital.com.br\/index.php?rest_route=%2Fwp%2Fv2%2Fmedia&parent=125860"}],"wp:term":[{"taxonomy":"category","embeddable":true,"href":"https:\/\/diarioregionaldigital.com.br\/index.php?rest_route=%2Fwp%2Fv2%2Fcategories&post=125860"},{"taxonomy":"post_tag","embeddable":true,"href":"https:\/\/diarioregionaldigital.com.br\/index.php?rest_route=%2Fwp%2Fv2%2Ftags&post=125860"}],"curies":[{"name":"wp","href":"https:\/\/api.w.org\/{rel}","templated":true}]}}