{"id":125858,"date":"2018-11-18T06:00:15","date_gmt":"2018-11-18T08:00:15","guid":{"rendered":"https:\/\/diarioregionaldigital.com.br\/?p=125858"},"modified":"2018-11-17T09:19:50","modified_gmt":"2018-11-17T11:19:50","slug":"condominio-conviver-e-respeitar","status":"publish","type":"post","link":"https:\/\/diarioregionaldigital.com.br\/?p=125858","title":{"rendered":"Condom\u00ednio: conviver e respeitar"},"content":{"rendered":"<p>Em nosso trabalho de consultor e nos encontros e conversas com s\u00edndicos, conselheiros, cond\u00f4minos e moradores, constatamos uma verdade que as pessoas parecem compreender: \u201ca de que n\u00f3s s\u00f3 colhemos aquilo que plantamos\u201d. Analisando esta frase, que \u00e9 uma afirmativa primeiramente sob um \u00e2ngulo na b\u00edblia vamos encontrar: \u201cquem plantar colher\u00e1\u201d, ou seja, quem n\u00e3o planta, n\u00e3o colhe. Isto quer dizer que devemos cuidar do plantio, para podermos colher. Numa outra vis\u00e3o, colhermos aquilo que plantamos. Da\u00ed precisamos ter em mente que se n\u00e3o plantar n\u00e3o temos nada para colher, e acontece \u00e9 que muitas pessoas desejam colher sem plantar ou colher algo diferente do que plantaram. Abordo estes fatos por eles acontecerem nas comunidades humanas inclusive em condom\u00ednios, onde s\u00edndicos querem colher lealdade e compromisso dos cond\u00f4minos e moradores, gerenciando com falta de informa\u00e7\u00f5es e de di\u00e1logos. Por n\u00e3o se preocuparem com aquilo que devem conhecer para poder ter um desempenho de suas fun\u00e7\u00f5es como um gestor \u00e9tico e eficaz, usam de instrumentos de comunica\u00e7\u00e3o de forma inadequada para dar ci\u00eancia aos cond\u00f4minos e moradores de fatos importantes ou n\u00e3o que ocorrem no condom\u00ednio. N\u00e3o convocam Assembleias que s\u00e3o previstas em leis o que infelizmente acontece, face a omiss\u00e3o e do desinteresse dos cond\u00f4minos e moradores, onde muitos acham que condom\u00ednio \u00e9 apenas sua unidade aut\u00f4noma.<\/p>\n<p>O que tenho observado nestes trinta e cinco anos (1983\/2018) em que tenho estudado sobre \u201cGest\u00e3o Condominial\u201d \u00e9 que muitos s\u00edndicos agem na vis\u00e3o de gestor que acostuma com a paisagem. Isto significa que j\u00e1 enxergam mais detalhes do que vivenciamos no dia a dia, prestando menos aten\u00e7\u00e3o e ligando o \u201cpiloto autom\u00e1tico\u201d. Esta \u00e9, frequentemente, a raz\u00e3o por que n\u00e3o frequentam eventos que informam sobre gest\u00e3o e especialmente aquelas que focalizam os assuntos de condom\u00ednios. \u00c0s vezes, chegam a alegar falta de tempo ou at\u00e9 menos que n\u00e3o precisam de novos conhecimentos, deixando para outra ocasi\u00e3o o que \u00e9 \u00fatil e facilita o desempenho de seus trabalhos. Na realidade esquecem que a \u00fanica maneira de chegar a um ponto \u00e9 indo at\u00e9 l\u00e1. Essa \u00e9 na verdade que demoram a compreender que planejar, imaginar, mas n\u00e3o agir \u00e9 ficar no mesmo lugar, vendo que algu\u00e9m j\u00e1 chegou primeiro. Raz\u00e3o por que: \u201cA \u00daNICA MANEIRA DE IR AT\u00c9 UM DETERMINADO PONTO \u00c9 INDO!\u201d Isto significa que todos n\u00f3s precisamos buscar melhores desempenhos atrav\u00e9s de novos conhecimentos, pois, existem m\u00e9todos, leis que precisamos aprender. Lembramos que buscamos sempre a excel\u00eancia, uma vez que a \u201cperfei\u00e7\u00e3o\u201d ser\u00e1 sempre a nossa busca constante.<\/p>\n<p>Precisamos investir em nossa capacita\u00e7\u00e3o pessoal e profissional, no aprimoramento de nossas cren\u00e7as e valores, uma vez que atualmente necessitamos ser criativos e inovadores.<\/p>\n<p>Obrigado, continuem comunicando conosco atrav\u00e9s do e-mail: tirandotodasduvidas@gmail.com e fale com o consultor Fl\u00e1vio Almeida Chaves Pereira.<\/p>\n<p>At\u00e9 o pr\u00f3ximo.<\/p>\n","protected":false},"excerpt":{"rendered":"<p>Em nosso trabalho de consultor e nos encontros e conversas com s\u00edndicos, conselheiros, cond\u00f4minos e moradores, constatamos uma verdade que as pessoas parecem compreender: \u201ca de que n\u00f3s s\u00f3 colhemos aquilo que plantamos\u201d. Analisando esta frase, que \u00e9 uma afirmativa primeiramente sob um \u00e2ngulo na b\u00edblia vamos encontrar: \u201cquem plantar colher\u00e1\u201d, ou seja, quem n\u00e3o [&hellip;]<\/p>\n","protected":false},"author":96,"featured_media":97691,"comment_status":"closed","ping_status":"closed","sticky":false,"template":"","format":"standard","meta":{"footnotes":""},"categories":[435,297,436],"tags":[],"class_list":["post-125858","post","type-post","status-publish","format-standard","has-post-thumbnail","hentry","category-colunas","category-jose-maria-braz-pereira","category-destaque-da-semana"],"_links":{"self":[{"href":"https:\/\/diarioregionaldigital.com.br\/index.php?rest_route=\/wp\/v2\/posts\/125858","targetHints":{"allow":["GET"]}}],"collection":[{"href":"https:\/\/diarioregionaldigital.com.br\/index.php?rest_route=\/wp\/v2\/posts"}],"about":[{"href":"https:\/\/diarioregionaldigital.com.br\/index.php?rest_route=\/wp\/v2\/types\/post"}],"author":[{"embeddable":true,"href":"https:\/\/diarioregionaldigital.com.br\/index.php?rest_route=\/wp\/v2\/users\/96"}],"replies":[{"embeddable":true,"href":"https:\/\/diarioregionaldigital.com.br\/index.php?rest_route=%2Fwp%2Fv2%2Fcomments&post=125858"}],"version-history":[{"count":0,"href":"https:\/\/diarioregionaldigital.com.br\/index.php?rest_route=\/wp\/v2\/posts\/125858\/revisions"}],"wp:featuredmedia":[{"embeddable":true,"href":"https:\/\/diarioregionaldigital.com.br\/index.php?rest_route=\/wp\/v2\/media\/97691"}],"wp:attachment":[{"href":"https:\/\/diarioregionaldigital.com.br\/index.php?rest_route=%2Fwp%2Fv2%2Fmedia&parent=125858"}],"wp:term":[{"taxonomy":"category","embeddable":true,"href":"https:\/\/diarioregionaldigital.com.br\/index.php?rest_route=%2Fwp%2Fv2%2Fcategories&post=125858"},{"taxonomy":"post_tag","embeddable":true,"href":"https:\/\/diarioregionaldigital.com.br\/index.php?rest_route=%2Fwp%2Fv2%2Ftags&post=125858"}],"curies":[{"name":"wp","href":"https:\/\/api.w.org\/{rel}","templated":true}]}}