{"id":125856,"date":"2018-11-17T09:03:16","date_gmt":"2018-11-17T11:03:16","guid":{"rendered":"https:\/\/diarioregionaldigital.com.br\/?p=125856"},"modified":"2018-11-17T09:03:16","modified_gmt":"2018-11-17T11:03:16","slug":"cinco-pessoas-sao-presas-por-trafico-de-drogas-na-zona-sul-de-juiz-de-fora","status":"publish","type":"post","link":"https:\/\/diarioregionaldigital.com.br\/?p=125856","title":{"rendered":"Cinco pessoas s\u00e3o presas por tr\u00e1fico de drogas na zona Sul de Juiz de Fora"},"content":{"rendered":"<p>Nessa sexta-feira, 16, a Pol\u00edcia Militar prendeu cinco pessoas por tr\u00e1fico de drogas no bairro Ipiranga, na zona Sul de Juiz de Fora.<\/p>\n<p>Apos den\u00fancias, os policiais chegaram \u00e0 uma resid\u00eancia na Rua Bady Gest\u00e1 onde foram localizados 912 pinos de subst\u00e2ncia semelhante \u00e0 coca\u00edna, uma pedra grande de crack, uma bucha de maconha, dois celulares e R$66,55. Al\u00e9m disso, foram encontrados tamb\u00e9m farto material para embalar as drogas.<\/p>\n<p>Os autores, entre eles uma menor de 17 anos, foram presos e encaminhados \u00e0 delegacia. No total, eram tr\u00eas homens, com idades entre 24 e 49 anos, e duas mulheres, a menor e uma de 41 anos.<\/p>\n","protected":false},"excerpt":{"rendered":"<p>Nessa sexta-feira, 16, a Pol\u00edcia Militar prendeu cinco pessoas por tr\u00e1fico de drogas no bairro Ipiranga, na zona Sul de Juiz de Fora. Apos den\u00fancias, os policiais chegaram \u00e0 uma resid\u00eancia na Rua Bady Gest\u00e1 onde foram localizados 912 pinos de subst\u00e2ncia semelhante \u00e0 coca\u00edna, uma pedra grande de crack, uma bucha de maconha, dois [&hellip;]<\/p>\n","protected":false},"author":96,"featured_media":95836,"comment_status":"closed","ping_status":"closed","sticky":false,"template":"","format":"standard","meta":{"footnotes":""},"categories":[301],"tags":[],"class_list":["post-125856","post","type-post","status-publish","format-standard","has-post-thumbnail","hentry","category-artigos-policiais"],"_links":{"self":[{"href":"https:\/\/diarioregionaldigital.com.br\/index.php?rest_route=\/wp\/v2\/posts\/125856","targetHints":{"allow":["GET"]}}],"collection":[{"href":"https:\/\/diarioregionaldigital.com.br\/index.php?rest_route=\/wp\/v2\/posts"}],"about":[{"href":"https:\/\/diarioregionaldigital.com.br\/index.php?rest_route=\/wp\/v2\/types\/post"}],"author":[{"embeddable":true,"href":"https:\/\/diarioregionaldigital.com.br\/index.php?rest_route=\/wp\/v2\/users\/96"}],"replies":[{"embeddable":true,"href":"https:\/\/diarioregionaldigital.com.br\/index.php?rest_route=%2Fwp%2Fv2%2Fcomments&post=125856"}],"version-history":[{"count":0,"href":"https:\/\/diarioregionaldigital.com.br\/index.php?rest_route=\/wp\/v2\/posts\/125856\/revisions"}],"wp:featuredmedia":[{"embeddable":true,"href":"https:\/\/diarioregionaldigital.com.br\/index.php?rest_route=\/wp\/v2\/media\/95836"}],"wp:attachment":[{"href":"https:\/\/diarioregionaldigital.com.br\/index.php?rest_route=%2Fwp%2Fv2%2Fmedia&parent=125856"}],"wp:term":[{"taxonomy":"category","embeddable":true,"href":"https:\/\/diarioregionaldigital.com.br\/index.php?rest_route=%2Fwp%2Fv2%2Fcategories&post=125856"},{"taxonomy":"post_tag","embeddable":true,"href":"https:\/\/diarioregionaldigital.com.br\/index.php?rest_route=%2Fwp%2Fv2%2Ftags&post=125856"}],"curies":[{"name":"wp","href":"https:\/\/api.w.org\/{rel}","templated":true}]}}