{"id":125854,"date":"2018-11-17T08:48:53","date_gmt":"2018-11-17T10:48:53","guid":{"rendered":"https:\/\/diarioregionaldigital.com.br\/?p=125854"},"modified":"2018-11-17T08:48:53","modified_gmt":"2018-11-17T10:48:53","slug":"pedestres-sao-vitimas-de-assalto-em-juiz-de-fora","status":"publish","type":"post","link":"https:\/\/diarioregionaldigital.com.br\/?p=125854","title":{"rendered":"Pedestres s\u00e3o v\u00edtimas de assalto em Juiz de Fora"},"content":{"rendered":"<p>Quatro pessoas foram assaltadas enquanto passavam em ruas de Juiz de Fora, nessa sexta-feira, 16. Um dos casos aconteceu dentro do campus da Universidade Federal de Juiz de Fora (UFJF), na regi\u00e3o da Cidade Alta.<\/p>\n<p>Tr\u00eas jovens estavam no local, um 21 anos e dois menores de 14 anos, quando foram abordados por um homem armado com uma pistola. Era por volta de 21h quando o autor anunciou o assalto e roubou o celular dos adolescentes e fugiu.<\/p>\n<p>A Pol\u00edcia Militar (PM) realizou rrastreamentona regi\u00e3o, mas ningu\u00e9m foi encontrado.<\/p>\n<p>O outro assalto foi registrado na Rua Marciano Pinto, no bairro Sagrado Cora\u00e7\u00e3o de Jesus. Uma mulher, de 24 anos, passava pelo local quando foi surpreendida por um homem armado com uma faca. Ele roubou o celular dela e fugiu, mas foi encontrado pela PM ap\u00f3s rastreamento na \u00e1rea.<\/p>\n<p>O homem, que tem 26 anos, foi preso e encaminhado \u00e0 delegacia.<\/p>\n","protected":false},"excerpt":{"rendered":"<p>Quatro pessoas foram assaltadas enquanto passavam em ruas de Juiz de Fora, nessa sexta-feira, 16. Um dos casos aconteceu dentro do campus da Universidade Federal de Juiz de Fora (UFJF), na regi\u00e3o da Cidade Alta. Tr\u00eas jovens estavam no local, um 21 anos e dois menores de 14 anos, quando foram abordados por um homem [&hellip;]<\/p>\n","protected":false},"author":96,"featured_media":95836,"comment_status":"closed","ping_status":"closed","sticky":false,"template":"","format":"standard","meta":{"footnotes":""},"categories":[301],"tags":[],"class_list":["post-125854","post","type-post","status-publish","format-standard","has-post-thumbnail","hentry","category-artigos-policiais"],"_links":{"self":[{"href":"https:\/\/diarioregionaldigital.com.br\/index.php?rest_route=\/wp\/v2\/posts\/125854","targetHints":{"allow":["GET"]}}],"collection":[{"href":"https:\/\/diarioregionaldigital.com.br\/index.php?rest_route=\/wp\/v2\/posts"}],"about":[{"href":"https:\/\/diarioregionaldigital.com.br\/index.php?rest_route=\/wp\/v2\/types\/post"}],"author":[{"embeddable":true,"href":"https:\/\/diarioregionaldigital.com.br\/index.php?rest_route=\/wp\/v2\/users\/96"}],"replies":[{"embeddable":true,"href":"https:\/\/diarioregionaldigital.com.br\/index.php?rest_route=%2Fwp%2Fv2%2Fcomments&post=125854"}],"version-history":[{"count":0,"href":"https:\/\/diarioregionaldigital.com.br\/index.php?rest_route=\/wp\/v2\/posts\/125854\/revisions"}],"wp:featuredmedia":[{"embeddable":true,"href":"https:\/\/diarioregionaldigital.com.br\/index.php?rest_route=\/wp\/v2\/media\/95836"}],"wp:attachment":[{"href":"https:\/\/diarioregionaldigital.com.br\/index.php?rest_route=%2Fwp%2Fv2%2Fmedia&parent=125854"}],"wp:term":[{"taxonomy":"category","embeddable":true,"href":"https:\/\/diarioregionaldigital.com.br\/index.php?rest_route=%2Fwp%2Fv2%2Fcategories&post=125854"},{"taxonomy":"post_tag","embeddable":true,"href":"https:\/\/diarioregionaldigital.com.br\/index.php?rest_route=%2Fwp%2Fv2%2Ftags&post=125854"}],"curies":[{"name":"wp","href":"https:\/\/api.w.org\/{rel}","templated":true}]}}