{"id":125851,"date":"2018-11-17T08:30:20","date_gmt":"2018-11-17T10:30:20","guid":{"rendered":"https:\/\/diarioregionaldigital.com.br\/?p=125851"},"modified":"2018-11-17T08:30:20","modified_gmt":"2018-11-17T10:30:20","slug":"mulher-e-assaltada-apos-realizar-saque-em-banco","status":"publish","type":"post","link":"https:\/\/diarioregionaldigital.com.br\/?p=125851","title":{"rendered":"Mulher \u00e9 assaltada ap\u00f3s realizar saque em banco"},"content":{"rendered":"<p>Uma mulher, de 27 anos, foi assaltada nessa sexta-feira, 16, na regi\u00e3o Central de Juiz de Fora. Ela sa\u00eda de uma ag\u00eancia da Caixa Econ\u00f4mica Federal na Rua Halfeld, por volta das 16h, quando foi abordada por um homem.<\/p>\n<p>De acordo com relato da v\u00edtima \u00e0 PoliciP Militar, o autor encostou um objeto nas costas dela e exigiu que ela entregasse o envelope com R$1.250 em dinheiro que tinha em m\u00e3os e fosse embora, sem olhar pra tr\u00e1s.\u00a0 Com medo, a mulher obedeceu ao assaltante que fugiu assim que pegou o envelope.<\/p>\n<p>Os policiais realizaram rastreamento na regi\u00e3o, mas n\u00e3o foi encontrado.<\/p>\n","protected":false},"excerpt":{"rendered":"<p>Uma mulher, de 27 anos, foi assaltada nessa sexta-feira, 16, na regi\u00e3o Central de Juiz de Fora. Ela sa\u00eda de uma ag\u00eancia da Caixa Econ\u00f4mica Federal na Rua Halfeld, por volta das 16h, quando foi abordada por um homem. De acordo com relato da v\u00edtima \u00e0 PoliciP Militar, o autor encostou um objeto nas costas [&hellip;]<\/p>\n","protected":false},"author":96,"featured_media":95836,"comment_status":"closed","ping_status":"closed","sticky":false,"template":"","format":"standard","meta":{"footnotes":""},"categories":[301],"tags":[],"class_list":["post-125851","post","type-post","status-publish","format-standard","has-post-thumbnail","hentry","category-artigos-policiais"],"_links":{"self":[{"href":"https:\/\/diarioregionaldigital.com.br\/index.php?rest_route=\/wp\/v2\/posts\/125851","targetHints":{"allow":["GET"]}}],"collection":[{"href":"https:\/\/diarioregionaldigital.com.br\/index.php?rest_route=\/wp\/v2\/posts"}],"about":[{"href":"https:\/\/diarioregionaldigital.com.br\/index.php?rest_route=\/wp\/v2\/types\/post"}],"author":[{"embeddable":true,"href":"https:\/\/diarioregionaldigital.com.br\/index.php?rest_route=\/wp\/v2\/users\/96"}],"replies":[{"embeddable":true,"href":"https:\/\/diarioregionaldigital.com.br\/index.php?rest_route=%2Fwp%2Fv2%2Fcomments&post=125851"}],"version-history":[{"count":0,"href":"https:\/\/diarioregionaldigital.com.br\/index.php?rest_route=\/wp\/v2\/posts\/125851\/revisions"}],"wp:featuredmedia":[{"embeddable":true,"href":"https:\/\/diarioregionaldigital.com.br\/index.php?rest_route=\/wp\/v2\/media\/95836"}],"wp:attachment":[{"href":"https:\/\/diarioregionaldigital.com.br\/index.php?rest_route=%2Fwp%2Fv2%2Fmedia&parent=125851"}],"wp:term":[{"taxonomy":"category","embeddable":true,"href":"https:\/\/diarioregionaldigital.com.br\/index.php?rest_route=%2Fwp%2Fv2%2Fcategories&post=125851"},{"taxonomy":"post_tag","embeddable":true,"href":"https:\/\/diarioregionaldigital.com.br\/index.php?rest_route=%2Fwp%2Fv2%2Ftags&post=125851"}],"curies":[{"name":"wp","href":"https:\/\/api.w.org\/{rel}","templated":true}]}}