{"id":125797,"date":"2018-11-18T06:00:33","date_gmt":"2018-11-18T08:00:33","guid":{"rendered":"https:\/\/diarioregionaldigital.com.br\/?p=125797"},"modified":"2018-11-14T20:33:35","modified_gmt":"2018-11-14T22:33:35","slug":"edital-convocacao-coopler-18-11-18","status":"publish","type":"post","link":"https:\/\/diarioregionaldigital.com.br\/?p=125797","title":{"rendered":"Edital &#8211; Convoca\u00e7\u00e3o Coopler &#8211; 18\/11\/18"},"content":{"rendered":"<p style=\"text-align: center;\"><strong>EDITAL <\/strong><strong>DE <\/strong><strong>CONVOCA\u00c7\u00c3O<\/strong><\/p>\n<p style=\"text-align: center;\">A COOPLER COOPERATIVA DOS PRODUTORES DE LEITE DE RECREIO LTDA, CNPJ n\u00ba 04.318.263\/0001-02, com sede \u00e0 Av. Santa Izabel, 54 \u2013Recreio-MG, atrav\u00e9s de seu Presidente Oscar Bolivar Guimar\u00e3es Ferreira, convoca\u00a0 seus cooperados para a ASSEMBL\u00c9IA\u00a0GERAL ORDINARIA\u00a0 a realizar-se no dia26\/11\/2018, na sede da cooperativa,\u00a0 \u00e0s 17h em 1\u00aa convoca\u00e7\u00e3o com a presen\u00e7a de 2\/3,\u00a0\u00a0 em segunda convoca\u00e7\u00e3o \u00e0s 18h, com a presen\u00e7a de metade mais um e em 3\u00aa convoca\u00e7\u00e3o \u00e0s 19h com a presen\u00e7a de no m\u00ednimo 10 cooperados, para tratar dos seguintes assuntos:1 \u2013 Presta\u00e7\u00e3o de contas do exerc\u00edcio de 2017, 2- Destina\u00e7\u00e3o dos lucros e preju\u00edzos, 3 \u2013 Elei\u00e7\u00e3o do Conselho Fiscal. Recreio, 14\/11\/2018 \u2013 Oscar Bolivar Guimar\u00e3es Ferreira.<\/p>\n","protected":false},"excerpt":{"rendered":"<p>EDITAL DE CONVOCA\u00c7\u00c3O A COOPLER COOPERATIVA DOS PRODUTORES DE LEITE DE RECREIO LTDA, CNPJ n\u00ba 04.318.263\/0001-02, com sede \u00e0 Av. Santa Izabel, 54 \u2013Recreio-MG, atrav\u00e9s de seu Presidente Oscar Bolivar Guimar\u00e3es Ferreira, convoca\u00a0 seus cooperados para a ASSEMBL\u00c9IA\u00a0GERAL ORDINARIA\u00a0 a realizar-se no dia26\/11\/2018, na sede da cooperativa,\u00a0 \u00e0s 17h em 1\u00aa convoca\u00e7\u00e3o com a presen\u00e7a [&hellip;]<\/p>\n","protected":false},"author":96,"featured_media":0,"comment_status":"closed","ping_status":"closed","sticky":false,"template":"","format":"standard","meta":{"footnotes":""},"categories":[307],"tags":[],"class_list":["post-125797","post","type-post","status-publish","format-standard","hentry","category-editais"],"_links":{"self":[{"href":"https:\/\/diarioregionaldigital.com.br\/index.php?rest_route=\/wp\/v2\/posts\/125797","targetHints":{"allow":["GET"]}}],"collection":[{"href":"https:\/\/diarioregionaldigital.com.br\/index.php?rest_route=\/wp\/v2\/posts"}],"about":[{"href":"https:\/\/diarioregionaldigital.com.br\/index.php?rest_route=\/wp\/v2\/types\/post"}],"author":[{"embeddable":true,"href":"https:\/\/diarioregionaldigital.com.br\/index.php?rest_route=\/wp\/v2\/users\/96"}],"replies":[{"embeddable":true,"href":"https:\/\/diarioregionaldigital.com.br\/index.php?rest_route=%2Fwp%2Fv2%2Fcomments&post=125797"}],"version-history":[{"count":0,"href":"https:\/\/diarioregionaldigital.com.br\/index.php?rest_route=\/wp\/v2\/posts\/125797\/revisions"}],"wp:attachment":[{"href":"https:\/\/diarioregionaldigital.com.br\/index.php?rest_route=%2Fwp%2Fv2%2Fmedia&parent=125797"}],"wp:term":[{"taxonomy":"category","embeddable":true,"href":"https:\/\/diarioregionaldigital.com.br\/index.php?rest_route=%2Fwp%2Fv2%2Fcategories&post=125797"},{"taxonomy":"post_tag","embeddable":true,"href":"https:\/\/diarioregionaldigital.com.br\/index.php?rest_route=%2Fwp%2Fv2%2Ftags&post=125797"}],"curies":[{"name":"wp","href":"https:\/\/api.w.org\/{rel}","templated":true}]}}