{"id":125792,"date":"2018-11-18T06:00:20","date_gmt":"2018-11-18T08:00:20","guid":{"rendered":"https:\/\/diarioregionaldigital.com.br\/?p=125792"},"modified":"2018-11-14T21:25:40","modified_gmt":"2018-11-14T23:25:40","slug":"moda-verao","status":"publish","type":"post","link":"https:\/\/diarioregionaldigital.com.br\/?p=125792","title":{"rendered":"Moda Ver\u00e3o"},"content":{"rendered":"<p style=\"text-align: center;\"><strong>\u00c9 Natal<\/strong><\/p>\n<p style=\"text-align: center;\">As luzes de Natal j\u00e1 chegaram de mansinho a Juiz de Fora. A casa do Papai Noel j\u00e1 come\u00e7ou a funcionar na cidade na Ag\u00eancia Central dos Correios na rua Marechal Deodoro e contabiliza cerca de dez mil cartas escritas por alunos da rede publica de ensino e outras institui\u00e7\u00f5es. Os pedidos de Natal t\u00eam predomin\u00e2ncia nos brinquedos.<\/p>\n<p style=\"text-align: center;\"><strong>Em Alta<\/strong><\/p>\n<p style=\"text-align: center;\">Com noite concorrida, Fernanda Schr\u00f6der, co-autora do livro \u201cVida com Prop\u00f3sito\u201d, recebeu amigos e familiares para lan\u00e7amento. Foi no Espa\u00e7o Excalibur que \u00e9 refer\u00eancia em arte e cultura em S\u00e3o Mateus.<\/p>\n<p style=\"text-align: center;\"><strong>Moda Ver\u00e3o<\/strong><\/p>\n<p style=\"text-align: center;\">Menina dos olhos deste colunista, a marca Farm est\u00e1 em alta para a temporada do ver\u00e3o. Em sua linha fashion colocou nas araras uma cole\u00e7\u00e3o de camisetas coloridas com g\u00edrias que conquistaram diversas cidades do Brasil. A peculiar express\u00e3o \u201ccaraca\u201d representa o Rio de Janeiro.<\/p>\n<p style=\"text-align: center;\"><strong> Solidariedade<\/strong><\/p>\n<p style=\"text-align: center;\">Em boa hora, a Pol\u00edcia Rodovi\u00e1ria Federal (PRF) de Juiz de Fora deu in\u00edcio a uma campanha para arrecadar brinquedos novos e usados e produtos de limpeza em geral para serem doados \u00e0 Funda\u00e7\u00e3o Ricardo Moys\u00e9s J\u00fanior que assiste crian\u00e7as e adolescentes com c\u00e2ncer. A a\u00e7\u00e3o \u201cPoliciais contra o c\u00e2ncer infantil\u201d \u00e9 um belo exemplo.<\/p>\n<p style=\"text-align: center;\"><strong>Reeleito<\/strong><\/p>\n<p style=\"text-align: center;\">Not\u00edcia boa chega para esta coluna dando conta que Marco Lucchesi dever ser reeleito em 6 de dezembro, para um novo mandato \u00e0 frente da ABL. O secret\u00e1rio-geral ser\u00e1 o jornalista e escritor Merval Pereira.<\/p>\n<div id=\"attachment_125755\" style=\"width: 690px\" class=\"wp-caption aligncenter\"><img loading=\"lazy\" decoding=\"async\" aria-describedby=\"caption-attachment-125755\" class=\"wp-image-125755\" src=\"https:\/\/diarioregionaldigital.com.br\/wp-content\/uploads\/2018\/11\/fotoa-8-e1542233951401.jpg\" alt=\"\" width=\"680\" height=\"616\" srcset=\"https:\/\/diarioregionaldigital.com.br\/wp-content\/uploads\/2018\/11\/fotoa-8-e1542233951401.jpg 662w, https:\/\/diarioregionaldigital.com.br\/wp-content\/uploads\/2018\/11\/fotoa-8-e1542233951401-300x272.jpg 300w, https:\/\/diarioregionaldigital.com.br\/wp-content\/uploads\/2018\/11\/fotoa-8-e1542233951401-360x326.jpg 360w\" sizes=\"auto, (max-width: 680px) 100vw, 680px\" \/><p id=\"caption-attachment-125755\" class=\"wp-caption-text\">Curtindo f\u00e9rias em Porto de Galinhas, o belo Josean Pestana, trabalhado no amarelo<\/p><\/div>\n<div id=\"attachment_125756\" style=\"width: 690px\" class=\"wp-caption aligncenter\"><img loading=\"lazy\" decoding=\"async\" aria-describedby=\"caption-attachment-125756\" class=\"wp-image-125756\" src=\"https:\/\/diarioregionaldigital.com.br\/wp-content\/uploads\/2018\/11\/fotoaa-2-e1542233973850.jpg\" alt=\"\" width=\"680\" height=\"490\" srcset=\"https:\/\/diarioregionaldigital.com.br\/wp-content\/uploads\/2018\/11\/fotoaa-2-e1542233973850.jpg 871w, https:\/\/diarioregionaldigital.com.br\/wp-content\/uploads\/2018\/11\/fotoaa-2-e1542233973850-300x216.jpg 300w, https:\/\/diarioregionaldigital.com.br\/wp-content\/uploads\/2018\/11\/fotoaa-2-e1542233973850-768x554.jpg 768w, https:\/\/diarioregionaldigital.com.br\/wp-content\/uploads\/2018\/11\/fotoaa-2-e1542233973850-360x260.jpg 360w\" sizes=\"auto, (max-width: 680px) 100vw, 680px\" \/><p id=\"caption-attachment-125756\" class=\"wp-caption-text\">Em sua exposi\u00e7\u00e3o na Casa de Minas, o artista pl\u00e1stico Iri\u00ea Salom\u00e3o de Campos e sua m\u00e3e Dona Isabel Salom\u00e3o<\/p><\/div>\n<div id=\"attachment_125758\" style=\"width: 690px\" class=\"wp-caption aligncenter\"><img loading=\"lazy\" decoding=\"async\" aria-describedby=\"caption-attachment-125758\" class=\"wp-image-125758\" src=\"https:\/\/diarioregionaldigital.com.br\/wp-content\/uploads\/2018\/11\/fotobb-3-e1542234002663.jpg\" alt=\"\" width=\"680\" height=\"479\" srcset=\"https:\/\/diarioregionaldigital.com.br\/wp-content\/uploads\/2018\/11\/fotobb-3-e1542234002663.jpg 640w, https:\/\/diarioregionaldigital.com.br\/wp-content\/uploads\/2018\/11\/fotobb-3-e1542234002663-300x210.jpg 300w, https:\/\/diarioregionaldigital.com.br\/wp-content\/uploads\/2018\/11\/fotobb-3-e1542234002663-360x254.jpg 360w, https:\/\/diarioregionaldigital.com.br\/wp-content\/uploads\/2018\/11\/fotobb-3-e1542234002663-100x70.jpg 100w\" sizes=\"auto, (max-width: 680px) 100vw, 680px\" \/><p id=\"caption-attachment-125758\" class=\"wp-caption-text\">O coiffeur das estrelas Rhuan Fontes e o tatuador dos astros Pablo Ribeiro em momento amigos para sempre<\/p><\/div>\n<div id=\"attachment_125760\" style=\"width: 690px\" class=\"wp-caption aligncenter\"><img loading=\"lazy\" decoding=\"async\" aria-describedby=\"caption-attachment-125760\" class=\"wp-image-125760\" src=\"https:\/\/diarioregionaldigital.com.br\/wp-content\/uploads\/2018\/11\/fotocc-2-e1542234046617.jpg\" alt=\"\" width=\"680\" height=\"456\" srcset=\"https:\/\/diarioregionaldigital.com.br\/wp-content\/uploads\/2018\/11\/fotocc-2-e1542234046617.jpg 806w, https:\/\/diarioregionaldigital.com.br\/wp-content\/uploads\/2018\/11\/fotocc-2-e1542234046617-300x201.jpg 300w, https:\/\/diarioregionaldigital.com.br\/wp-content\/uploads\/2018\/11\/fotocc-2-e1542234046617-768x515.jpg 768w, https:\/\/diarioregionaldigital.com.br\/wp-content\/uploads\/2018\/11\/fotocc-2-e1542234046617-360x241.jpg 360w\" sizes=\"auto, (max-width: 680px) 100vw, 680px\" \/><p id=\"caption-attachment-125760\" class=\"wp-caption-text\">As elegantes Nayane Neto e Nayara Neto na fervilhante noite de moda na Est\u00e2ncia Dom Vi\u00e7oso<\/p><\/div>\n<div id=\"attachment_125763\" style=\"width: 690px\" class=\"wp-caption aligncenter\"><img loading=\"lazy\" decoding=\"async\" aria-describedby=\"caption-attachment-125763\" class=\"wp-image-125763\" src=\"https:\/\/diarioregionaldigital.com.br\/wp-content\/uploads\/2018\/11\/fotof-7-e1542234100221.jpg\" alt=\"\" width=\"680\" height=\"533\" srcset=\"https:\/\/diarioregionaldigital.com.br\/wp-content\/uploads\/2018\/11\/fotof-7-e1542234100221.jpg 1176w, https:\/\/diarioregionaldigital.com.br\/wp-content\/uploads\/2018\/11\/fotof-7-e1542234100221-300x235.jpg 300w, https:\/\/diarioregionaldigital.com.br\/wp-content\/uploads\/2018\/11\/fotof-7-e1542234100221-768x601.jpg 768w, https:\/\/diarioregionaldigital.com.br\/wp-content\/uploads\/2018\/11\/fotof-7-e1542234100221-1024x802.jpg 1024w, https:\/\/diarioregionaldigital.com.br\/wp-content\/uploads\/2018\/11\/fotof-7-e1542234100221-360x282.jpg 360w\" sizes=\"auto, (max-width: 680px) 100vw, 680px\" \/><p id=\"caption-attachment-125763\" class=\"wp-caption-text\">Em S\u00e3o Jo\u00e3o del-Rei, as elegantes Eunice Resende e a filha Virg\u00ednia Resende<\/p><\/div>\n<div id=\"attachment_125764\" style=\"width: 690px\" class=\"wp-caption aligncenter\"><img loading=\"lazy\" decoding=\"async\" aria-describedby=\"caption-attachment-125764\" class=\"wp-image-125764\" src=\"https:\/\/diarioregionaldigital.com.br\/wp-content\/uploads\/2018\/11\/fotog-6-e1542234126115.jpg\" alt=\"\" width=\"680\" height=\"530\" srcset=\"https:\/\/diarioregionaldigital.com.br\/wp-content\/uploads\/2018\/11\/fotog-6-e1542234126115.jpg 3456w, https:\/\/diarioregionaldigital.com.br\/wp-content\/uploads\/2018\/11\/fotog-6-e1542234126115-300x234.jpg 300w, https:\/\/diarioregionaldigital.com.br\/wp-content\/uploads\/2018\/11\/fotog-6-e1542234126115-768x599.jpg 768w, https:\/\/diarioregionaldigital.com.br\/wp-content\/uploads\/2018\/11\/fotog-6-e1542234126115-1024x799.jpg 1024w, https:\/\/diarioregionaldigital.com.br\/wp-content\/uploads\/2018\/11\/fotog-6-e1542234126115-360x281.jpg 360w\" sizes=\"auto, (max-width: 680px) 100vw, 680px\" \/><p id=\"caption-attachment-125764\" class=\"wp-caption-text\">Encantando a noite do Privil\u00e8ge, Gilda Queiroz e Deninha Toledo<\/p><\/div>\n<div id=\"attachment_125765\" style=\"width: 690px\" class=\"wp-caption aligncenter\"><img loading=\"lazy\" decoding=\"async\" aria-describedby=\"caption-attachment-125765\" class=\"wp-image-125765\" src=\"https:\/\/diarioregionaldigital.com.br\/wp-content\/uploads\/2018\/11\/fotoh-7-e1542234156277.jpg\" alt=\"\" width=\"680\" height=\"545\" srcset=\"https:\/\/diarioregionaldigital.com.br\/wp-content\/uploads\/2018\/11\/fotoh-7-e1542234156277.jpg 960w, https:\/\/diarioregionaldigital.com.br\/wp-content\/uploads\/2018\/11\/fotoh-7-e1542234156277-300x241.jpg 300w, https:\/\/diarioregionaldigital.com.br\/wp-content\/uploads\/2018\/11\/fotoh-7-e1542234156277-768x616.jpg 768w, https:\/\/diarioregionaldigital.com.br\/wp-content\/uploads\/2018\/11\/fotoh-7-e1542234156277-360x289.jpg 360w\" sizes=\"auto, (max-width: 680px) 100vw, 680px\" \/><p id=\"caption-attachment-125765\" class=\"wp-caption-text\">O botafoguense Victor Almeida faz sucesso como barman<\/p><\/div>\n<div id=\"attachment_125766\" style=\"width: 690px\" class=\"wp-caption aligncenter\"><img loading=\"lazy\" decoding=\"async\" aria-describedby=\"caption-attachment-125766\" class=\"wp-image-125766\" src=\"https:\/\/diarioregionaldigital.com.br\/wp-content\/uploads\/2018\/11\/fotoi-6-e1542234232222.jpg\" alt=\"\" width=\"680\" height=\"498\" srcset=\"https:\/\/diarioregionaldigital.com.br\/wp-content\/uploads\/2018\/11\/fotoi-6-e1542234232222.jpg 861w, https:\/\/diarioregionaldigital.com.br\/wp-content\/uploads\/2018\/11\/fotoi-6-e1542234232222-300x220.jpg 300w, https:\/\/diarioregionaldigital.com.br\/wp-content\/uploads\/2018\/11\/fotoi-6-e1542234232222-768x562.jpg 768w, https:\/\/diarioregionaldigital.com.br\/wp-content\/uploads\/2018\/11\/fotoi-6-e1542234232222-360x263.jpg 360w\" sizes=\"auto, (max-width: 680px) 100vw, 680px\" \/><p id=\"caption-attachment-125766\" class=\"wp-caption-text\">Em sua exposi\u00e7\u00e3o no Excalibur, a artista Yolette Abramo<\/p><\/div>\n<div id=\"attachment_125767\" style=\"width: 690px\" class=\"wp-caption aligncenter\"><img loading=\"lazy\" decoding=\"async\" aria-describedby=\"caption-attachment-125767\" class=\"wp-image-125767\" src=\"https:\/\/diarioregionaldigital.com.br\/wp-content\/uploads\/2018\/11\/fotoj-6-e1542234251590.jpg\" alt=\"\" width=\"680\" height=\"505\" srcset=\"https:\/\/diarioregionaldigital.com.br\/wp-content\/uploads\/2018\/11\/fotoj-6-e1542234251590.jpg 808w, https:\/\/diarioregionaldigital.com.br\/wp-content\/uploads\/2018\/11\/fotoj-6-e1542234251590-300x223.jpg 300w, https:\/\/diarioregionaldigital.com.br\/wp-content\/uploads\/2018\/11\/fotoj-6-e1542234251590-768x570.jpg 768w, https:\/\/diarioregionaldigital.com.br\/wp-content\/uploads\/2018\/11\/fotoj-6-e1542234251590-360x267.jpg 360w\" sizes=\"auto, (max-width: 680px) 100vw, 680px\" \/><p id=\"caption-attachment-125767\" class=\"wp-caption-text\">Circulando na noite de Juiz de Fora \u201ccausando\u201d, Guilherme Nascimento<\/p><\/div>\n<div id=\"attachment_125762\" style=\"width: 690px\" class=\"wp-caption aligncenter\"><img loading=\"lazy\" decoding=\"async\" aria-describedby=\"caption-attachment-125762\" class=\"wp-image-125762\" src=\"https:\/\/diarioregionaldigital.com.br\/wp-content\/uploads\/2018\/11\/fotoe-8-e1542234068390.jpg\" alt=\"\" width=\"680\" height=\"835\" srcset=\"https:\/\/diarioregionaldigital.com.br\/wp-content\/uploads\/2018\/11\/fotoe-8-e1542234068390.jpg 1170w, https:\/\/diarioregionaldigital.com.br\/wp-content\/uploads\/2018\/11\/fotoe-8-e1542234068390-244x300.jpg 244w, https:\/\/diarioregionaldigital.com.br\/wp-content\/uploads\/2018\/11\/fotoe-8-e1542234068390-768x943.jpg 768w, https:\/\/diarioregionaldigital.com.br\/wp-content\/uploads\/2018\/11\/fotoe-8-e1542234068390-834x1024.jpg 834w, https:\/\/diarioregionaldigital.com.br\/wp-content\/uploads\/2018\/11\/fotoe-8-e1542234068390-360x442.jpg 360w\" sizes=\"auto, (max-width: 680px) 100vw, 680px\" \/><p id=\"caption-attachment-125762\" class=\"wp-caption-text\">Mulheres empoderadas, Lilia Nunes, Karla Gabriel, Cl\u00e1udia Nunes e Myrianceli J\u00f3rio<\/p><\/div>\n<p style=\"text-align: center;\"><strong>FOTOSS\u00cdNTESE<\/strong><\/p>\n<p>O JF V\u00f4lei contratou o jogador oposto William Kerber. Ele tem 20 anos e 2m de altura e treina com foco na disputa da Superliga B, a segunda divis\u00e3o nacional que possui in\u00edcio programado para janeiro de 2019.<\/p>\n<p>Talentosa e simp\u00e1tica a atriz Soraya Ravenle, que arrasa no curta \u201cAzar\u201d, circulou em Juiz de Fora durante o Festival Primeiro Plano, no Teatro Paschoal Carlos Magno.<\/p>\n<p>Gente antenada e elegante marcaram presen\u00e7a na Dommani para o evento \u201cNatal com design\u201d. Adriana Barros recebeu para \u2018Workshop\u2019 a talentosa Mara Raposo. Ainda teve lan\u00e7amento da cole\u00e7\u00e3o para mesas de Leniane Feyo e mesa decorada pela arquiteta Aleth\u00e9ia Westermam.<\/p>\n<p>Depois de promover visitas e encontros sociais a Mostra Casa Design Juiz de Fora encerra no domingo, 18, as atividade no bel\u00edssimo casar\u00e3o da rua Sampaio, n\u00ba 261, no Granbery.<\/p>\n<p>Por meio de parceria entre a Prefeitura de Juiz de Fora (PJF) e os hospitais Universit\u00e1rio (UFJF e Maternidade Therezinha de Jesus), 20 unidades foram sorteadas e receber\u00e3o um m\u00e9dico urologista para exames de c\u00e2ncer de pr\u00f3stata.<\/p>\n<p>Os interessados em apadrinhar cartinhas no projeto Casa do Papai Noel dos Correios devem comparecer \u00e0 ag\u00eancia at\u00e9 8 de dezembro, quando tamb\u00e9m encerra o prazo para a entrega dos presentes, que pode ser feita em qualquer ag\u00eancia.<\/p>\n<p>Emiliana C\u00e2ndido passou e deu aquele al\u00f4.<\/p>\n<p>Um ax\u00e9 muito especial para o querido amigo J\u00fanio Martins.<\/p>\n<p>Vai bombar o R\u00e9veillon do Trade Hotel. As mesas est\u00e3o saindo igual \u00e1gua. Garanta a sua.<\/p>\n<p>Olha l\u00e1: \u00c1gua corrente nunca apodrece (Prov\u00e9rbio Chin\u00eas).<\/p>\n","protected":false},"excerpt":{"rendered":"<p>\u00c9 Natal As luzes de Natal j\u00e1 chegaram de mansinho a Juiz de Fora. A casa do Papai Noel j\u00e1 come\u00e7ou a funcionar na cidade na Ag\u00eancia Central dos Correios na rua Marechal Deodoro e contabiliza cerca de dez mil cartas escritas por alunos da rede publica de ensino e outras institui\u00e7\u00f5es. Os pedidos de [&hellip;]<\/p>\n","protected":false},"author":96,"featured_media":125755,"comment_status":"closed","ping_status":"closed","sticky":false,"template":"","format":"standard","meta":{"footnotes":""},"categories":[264],"tags":[],"class_list":["post-125792","post","type-post","status-publish","format-standard","has-post-thumbnail","hentry","category-eduardo-gomes"],"_links":{"self":[{"href":"https:\/\/diarioregionaldigital.com.br\/index.php?rest_route=\/wp\/v2\/posts\/125792","targetHints":{"allow":["GET"]}}],"collection":[{"href":"https:\/\/diarioregionaldigital.com.br\/index.php?rest_route=\/wp\/v2\/posts"}],"about":[{"href":"https:\/\/diarioregionaldigital.com.br\/index.php?rest_route=\/wp\/v2\/types\/post"}],"author":[{"embeddable":true,"href":"https:\/\/diarioregionaldigital.com.br\/index.php?rest_route=\/wp\/v2\/users\/96"}],"replies":[{"embeddable":true,"href":"https:\/\/diarioregionaldigital.com.br\/index.php?rest_route=%2Fwp%2Fv2%2Fcomments&post=125792"}],"version-history":[{"count":0,"href":"https:\/\/diarioregionaldigital.com.br\/index.php?rest_route=\/wp\/v2\/posts\/125792\/revisions"}],"wp:featuredmedia":[{"embeddable":true,"href":"https:\/\/diarioregionaldigital.com.br\/index.php?rest_route=\/wp\/v2\/media\/125755"}],"wp:attachment":[{"href":"https:\/\/diarioregionaldigital.com.br\/index.php?rest_route=%2Fwp%2Fv2%2Fmedia&parent=125792"}],"wp:term":[{"taxonomy":"category","embeddable":true,"href":"https:\/\/diarioregionaldigital.com.br\/index.php?rest_route=%2Fwp%2Fv2%2Fcategories&post=125792"},{"taxonomy":"post_tag","embeddable":true,"href":"https:\/\/diarioregionaldigital.com.br\/index.php?rest_route=%2Fwp%2Fv2%2Ftags&post=125792"}],"curies":[{"name":"wp","href":"https:\/\/api.w.org\/{rel}","templated":true}]}}