{"id":125779,"date":"2018-11-18T06:00:35","date_gmt":"2018-11-18T08:00:35","guid":{"rendered":"https:\/\/diarioregionaldigital.com.br\/?p=125779"},"modified":"2018-11-14T21:10:15","modified_gmt":"2018-11-14T23:10:15","slug":"projeto-busca-garantir-recursos-permanentes-para-o-fundo-municipal-de-habitacao","status":"publish","type":"post","link":"https:\/\/diarioregionaldigital.com.br\/?p=125779","title":{"rendered":"Projeto busca garantir recursos permanentes para o Fundo Municipal de Habita\u00e7\u00e3o"},"content":{"rendered":"<p>Atrav\u00e9s de suas entidades representativas, o Conselho Municipal de Habita\u00e7\u00e3o est\u00e1 coletando assinaturas para propor um projeto de lei complementar de iniciativa popular, que busca garantir recursos permanentes para o Fundo Municipal de Habita\u00e7\u00e3o de Juiz de Fora. A inten\u00e7\u00e3o \u00e9 conseguir a ades\u00e3o de 3% de assinaturas do eleitorado \u00e0 peti\u00e7\u00e3o, esse n\u00famero equivale a cerca de 13 mil assinaturas.<\/p>\n<p>De acordo com o Presidente do Conselho Municipal de Habita\u00e7\u00e3o, Luiz Fernando Sirimarco, o artigo que tratava da cota de interesse social foi inserido nas discuss\u00f5es sobre o Plano Diretor do Munic\u00edpio, mas retirado pelo Executivo antes de ser entregue \u00e0 C\u00e2mara sob a justificativa de que a proposta seria inconstitucional. \u201cA nossa \u00fanica alternativa que encontramos foi esse projeto de iniciativa popular que \u00e9 previsto na Lei org\u00e2nica do munic\u00edpio\u201d, explica.<\/p>\n<p>Com o a aprova\u00e7\u00e3o, parte da verba recebida ser\u00e1 destinada ao Fundo Municipal de Habita\u00e7\u00e3o \u201cpara que possamos obter recursos para fazer o financiamento da pol\u00edtica habitacional direcionadas a pessoas de baixa renda de 0 a tr\u00eas sal\u00e1rios m\u00ednimos\u201d, disse Sirimarco. Atualmente em Juiz de Fora, as habita\u00e7\u00f5es de interesse social s\u00e3o as do Programa Minha Casa, Minha Vida.<\/p>\n<p>Luiz Fernando Sirimarco ressalta que o apoio popular \u00e9 de extrema import\u00e2ncia para que o projeto seja apresentado \u00e0 C\u00e2mara Municipal. A aprova\u00e7\u00e3o do plano, explica o presidente, poderia ajudar, futuramente, a diminuir o d\u00e9ficit habitacional, que n\u00e3o \u00e9 uma realidade exclusiva de Juiz de Fora, se repetindo em outros lugares do pa\u00eds. \u201cO desejo \u00e9 que todos consigam adquirir suas casas e morar com dignidade. Temos muitas pessoas que moram em condi\u00e7\u00f5es prec\u00e1rias, em situa\u00e7\u00f5es de riscos e locais sem as devidas condi\u00e7\u00f5es de habita\u00e7\u00e3o, a ideia \u00e9 dar a popula\u00e7\u00e3o condi\u00e7\u00e3o de morar dignamente\u201d, conclui.<\/p>\n<p>PONTO PARA COLETA DE ASSINATURAS<\/p>\n<ul>\n<li><strong>Casa dos Conselhos<\/strong><\/li>\n<\/ul>\n<p>Rua Halfeld 450\/7\u00ba andar, Centro. Das 8h \u00e0s 12h e das 14h \u00e0s 18h.<\/p>\n<ul>\n<li><strong>Sindicato dos Engenheiros do Estado de Minas Gerais <\/strong><\/li>\n<\/ul>\n<p>Rua Halfeld 414\/1.209, Centro. Das 9h \u00e0s 18h<\/p>\n<ul>\n<li><strong>Centro de Pesquisas Sociais \u2013 UFJF <\/strong><\/li>\n<\/ul>\n<p>Campus Universit\u00e1rio \u2013 Rua Jos\u00e9 Louren\u00e7o Kelmer, sem n\u00famero, Junto ao P\u00f3rtico Norte, atr\u00e1s do pr\u00e9dio da Apes. Das 8h \u00e0s 12h e das 14h \u00e0s 18h.<\/p>\n<ul>\n<li><strong>Shopping Jardim Norte <\/strong><\/li>\n<\/ul>\n<p>Avenida Brasil 6.345, Mariano Proc\u00f3pio Dia 10 de novembro Das 14h \u00e0s 19h.<\/p>\n<p>CONSELHO MUNICIPAL<\/p>\n<p>O Conselho Municipal de Habita\u00e7\u00e3o de Juiz de Fora (CMH) tem car\u00e1ter normativo, fiscalizador e deliberativo, com o prop\u00f3sito de viabilizar a participa\u00e7\u00e3o popular, atrav\u00e9s da sociedade civil organizada, na formula\u00e7\u00e3o e implementa\u00e7\u00e3o da pol\u00edtica, planos e programas de habita\u00e7\u00e3o, de saneamento b\u00e1sico e de curadoria dos recursos a serem aplicados. Vinculado \u00e0 Secretaria de Planejamento e Gest\u00e3o, o conselho tem sua autonomia preservada, observada a sua composi\u00e7\u00e3o, parit\u00e1ria. \u00c9 normatizado pela\u00a0<a href=\"http:\/\/www.jflegis.pjf.mg.gov.br\/c_norma.php?chave=0000023416\"><strong><em>Lei 9.597<\/em><\/strong><\/a>, de 27\/09\/1999.<\/p>\n<ul>\n<li>Compete ao Conselho Municipal de Habita\u00e7\u00e3o:<\/li>\n<li>Analisar, discutir e deliberar sobre: objetivos, diretrizes e prioridades da Pol\u00edtica Municipal de Habita\u00e7\u00e3o; pol\u00edticas de capta\u00e7\u00e3o e aplica\u00e7\u00e3o de recursos para produ\u00e7\u00e3o de moradias e lotes urbanizados; planos anuais e plurianuais de a\u00e7\u00e3o e metas; planos anuais e plurianuais de capta\u00e7\u00e3o e aplica\u00e7\u00e3o de recursos; proposta e projetos oriundos do Poder Executivo relativos \u00e0s ocupa\u00e7\u00f5es, assentamentos e regulariza\u00e7\u00e3o de posse em \u00e1reas p\u00fablicas e privadas de interesse social; programas de loteamentos populares; libera\u00e7\u00e3o de recursos para os programas e projetos decorrentes do Plano de A\u00e7\u00e3o e Metas; diretrizes e normas de gest\u00e3o dos recursos destinados \u00e0 habita\u00e7\u00e3o, inclusive aqueles constantes do Fundo Municipal de Habita\u00e7\u00e3o institu\u00eddo pela\u00a0<strong><em>Lei 7.665<\/em><\/strong>, de 26 de dezembro de 1989 \u2013 revogada \u2013, substitu\u00edda pela<strong><em>Lei 10027<\/em><\/strong>de 16\/07\/2001.<\/li>\n<li>gerir o Fundo Municipal de Habita\u00e7\u00e3o.<\/li>\n<li>Propor reformula\u00e7\u00e3o ou revis\u00e3o de planos, programas e projetos \u00e0 luz de avalia\u00e7\u00f5es peri\u00f3dicas;<\/li>\n<li>Indicar, aos \u00f3rg\u00e3os competentes, as \u00e1reas de interesse social do territ\u00f3rio do munic\u00edpio a serem desapropriadas para fins de implanta\u00e7\u00e3o de Programas de Loteamentos Populares;<\/li>\n<li>Elaborar seu Regimento Interno.<\/li>\n<\/ul>\n","protected":false},"excerpt":{"rendered":"<p>Atrav\u00e9s de suas entidades representativas, o Conselho Municipal de Habita\u00e7\u00e3o est\u00e1 coletando assinaturas para propor um projeto de lei complementar de iniciativa popular, que busca garantir recursos permanentes para o Fundo Municipal de Habita\u00e7\u00e3o de Juiz de Fora. A inten\u00e7\u00e3o \u00e9 conseguir a ades\u00e3o de 3% de assinaturas do eleitorado \u00e0 peti\u00e7\u00e3o, esse n\u00famero equivale [&hellip;]<\/p>\n","protected":false},"author":96,"featured_media":125780,"comment_status":"closed","ping_status":"closed","sticky":false,"template":"","format":"standard","meta":{"footnotes":""},"categories":[253,436,440,439],"tags":[],"class_list":["post-125779","post","type-post","status-publish","format-standard","has-post-thumbnail","hentry","category-cidade","category-destaque-da-semana","category-destaques-do-dia","category-ultima-hora"],"_links":{"self":[{"href":"https:\/\/diarioregionaldigital.com.br\/index.php?rest_route=\/wp\/v2\/posts\/125779","targetHints":{"allow":["GET"]}}],"collection":[{"href":"https:\/\/diarioregionaldigital.com.br\/index.php?rest_route=\/wp\/v2\/posts"}],"about":[{"href":"https:\/\/diarioregionaldigital.com.br\/index.php?rest_route=\/wp\/v2\/types\/post"}],"author":[{"embeddable":true,"href":"https:\/\/diarioregionaldigital.com.br\/index.php?rest_route=\/wp\/v2\/users\/96"}],"replies":[{"embeddable":true,"href":"https:\/\/diarioregionaldigital.com.br\/index.php?rest_route=%2Fwp%2Fv2%2Fcomments&post=125779"}],"version-history":[{"count":0,"href":"https:\/\/diarioregionaldigital.com.br\/index.php?rest_route=\/wp\/v2\/posts\/125779\/revisions"}],"wp:featuredmedia":[{"embeddable":true,"href":"https:\/\/diarioregionaldigital.com.br\/index.php?rest_route=\/wp\/v2\/media\/125780"}],"wp:attachment":[{"href":"https:\/\/diarioregionaldigital.com.br\/index.php?rest_route=%2Fwp%2Fv2%2Fmedia&parent=125779"}],"wp:term":[{"taxonomy":"category","embeddable":true,"href":"https:\/\/diarioregionaldigital.com.br\/index.php?rest_route=%2Fwp%2Fv2%2Fcategories&post=125779"},{"taxonomy":"post_tag","embeddable":true,"href":"https:\/\/diarioregionaldigital.com.br\/index.php?rest_route=%2Fwp%2Fv2%2Ftags&post=125779"}],"curies":[{"name":"wp","href":"https:\/\/api.w.org\/{rel}","templated":true}]}}