{"id":125520,"date":"2018-11-13T08:39:47","date_gmt":"2018-11-13T10:39:47","guid":{"rendered":"https:\/\/diarioregionaldigital.com.br\/?p=125520"},"modified":"2018-11-13T08:39:47","modified_gmt":"2018-11-13T10:39:47","slug":"vice-governador-de-minas-e-solto-apos-ser-preso-durante-operacao-capitu","status":"publish","type":"post","link":"https:\/\/diarioregionaldigital.com.br\/?p=125520","title":{"rendered":"Vice-governador de Minas \u00e9 solto ap\u00f3s ser preso durante &#8220;Opera\u00e7\u00e3o Capitu&#8221;"},"content":{"rendered":"<p>Nessa segunda-feira, 12, o vice-governador de Minas Gerais, Ant\u00f4nio Andrade (MDB), foi solto ap\u00f3s o ministro Nefi Cordeiro do Superior Tribunal de Justi\u00e7a (STJ), mandar libertar os presos que foram detidos durante a Opera\u00e7\u00e3o Capitu.<\/p>\n<p>De acordo com informa\u00e7\u00f5es divulgadas pela <em>Ag\u00eancia Brasil<\/em>, a investiga\u00e7\u00e3o apura um suposto esquema de pagamento de mais de R$30 milh\u00f5es em propina, entre 2014 e 2015, a parlamentares do MDB em troca de favorecimentos no Minist\u00e9rio da Agricultura.<\/p>\n<p>Ao examinar o caso e soltar os suspeitos, o ministro do STJ Nefi Cordeiro afirmou que houve excesso nas ordens de pris\u00e3o. Para ele, a oculta\u00e7\u00e3o de fatos n\u00e3o justifica, por si s\u00f3, a priva\u00e7\u00e3o da liberdade.<\/p>\n<p>Foram soltos ainda: Mauro Luiz Rodrigues de Souza, Ildeu da Cunha Pereira, Mateus de Moura Lima Gomes, Jos\u00e9 Francisco Franco da Silva Oliveira, Cl\u00e1udio Soares Donato, Waldir Rocha Pena, Jo\u00e3o L\u00facio Magalh\u00e3es Bifano, Ant\u00f4nio Eust\u00e1quio Andrade Ferreira, Marcelo Pires Pinheiro e Fernando Manuel Pires Pinheiro.<\/p>\n","protected":false},"excerpt":{"rendered":"<p>Nessa segunda-feira, 12, o vice-governador de Minas Gerais, Ant\u00f4nio Andrade (MDB), foi solto ap\u00f3s o ministro Nefi Cordeiro do Superior Tribunal de Justi\u00e7a (STJ), mandar libertar os presos que foram detidos durante a Opera\u00e7\u00e3o Capitu. De acordo com informa\u00e7\u00f5es divulgadas pela Ag\u00eancia Brasil, a investiga\u00e7\u00e3o apura um suposto esquema de pagamento de mais de R$30 [&hellip;]<\/p>\n","protected":false},"author":96,"featured_media":0,"comment_status":"closed","ping_status":"closed","sticky":false,"template":"","format":"standard","meta":{"footnotes":""},"categories":[436,440,254,439],"tags":[],"class_list":["post-125520","post","type-post","status-publish","format-standard","hentry","category-destaque-da-semana","category-destaques-do-dia","category-politica","category-ultima-hora"],"_links":{"self":[{"href":"https:\/\/diarioregionaldigital.com.br\/index.php?rest_route=\/wp\/v2\/posts\/125520","targetHints":{"allow":["GET"]}}],"collection":[{"href":"https:\/\/diarioregionaldigital.com.br\/index.php?rest_route=\/wp\/v2\/posts"}],"about":[{"href":"https:\/\/diarioregionaldigital.com.br\/index.php?rest_route=\/wp\/v2\/types\/post"}],"author":[{"embeddable":true,"href":"https:\/\/diarioregionaldigital.com.br\/index.php?rest_route=\/wp\/v2\/users\/96"}],"replies":[{"embeddable":true,"href":"https:\/\/diarioregionaldigital.com.br\/index.php?rest_route=%2Fwp%2Fv2%2Fcomments&post=125520"}],"version-history":[{"count":0,"href":"https:\/\/diarioregionaldigital.com.br\/index.php?rest_route=\/wp\/v2\/posts\/125520\/revisions"}],"wp:attachment":[{"href":"https:\/\/diarioregionaldigital.com.br\/index.php?rest_route=%2Fwp%2Fv2%2Fmedia&parent=125520"}],"wp:term":[{"taxonomy":"category","embeddable":true,"href":"https:\/\/diarioregionaldigital.com.br\/index.php?rest_route=%2Fwp%2Fv2%2Fcategories&post=125520"},{"taxonomy":"post_tag","embeddable":true,"href":"https:\/\/diarioregionaldigital.com.br\/index.php?rest_route=%2Fwp%2Fv2%2Ftags&post=125520"}],"curies":[{"name":"wp","href":"https:\/\/api.w.org\/{rel}","templated":true}]}}