{"id":125474,"date":"2018-11-12T15:14:46","date_gmt":"2018-11-12T17:14:46","guid":{"rendered":"https:\/\/diarioregionaldigital.com.br\/?p=125474"},"modified":"2018-11-12T15:14:46","modified_gmt":"2018-11-12T17:14:46","slug":"comeca-campanha-de-natal-no-instituto-padre-joao-emilio","status":"publish","type":"post","link":"https:\/\/diarioregionaldigital.com.br\/?p=125474","title":{"rendered":"Come\u00e7a Campanha de Natal no Instituto Padre Jo\u00e3o Em\u00edlio"},"content":{"rendered":"<p><span style=\"font-family: Arial,sans-serif;font-size: small\">Como acontece todos os anos, o Instituto Padre Jo\u00e3o Em\u00edlio, como forma de aproximar os fi\u00e9is dos alunos beneficiados pelo projeto \u201cComunidade Esperan\u00e7a\u201d, montou uma \u00c1rvore de Natal na Capela Santa Maria Eufr\u00e1sia. Na \u00faltima semana, o s\u00edmbolo natalino come\u00e7ou a ser enfeitado com cartinhas das crian\u00e7as.<\/span><\/p>\n<p><span style=\"font-family: Arial,sans-serif;font-size: small\">Elas t\u00eam pedidos de presentes feitos pelos pequenos, que n\u00e3o s\u00f3 escreveram, mas coloriram, pintaram e desenharam na correspond\u00eancia. A campanha de arrecada\u00e7\u00e3o das lembrancinhas teve in\u00edcio no dia 6 de novembro e ir\u00e1 at\u00e9 14 de dezembro, prazo m\u00e1ximo para a entrega das doa\u00e7\u00f5es.<\/span><\/p>\n<p><span style=\"font-family: Arial,sans-serif;font-size: small\">Aos que n\u00e3o conseguirem retirar as cartinhas, a dire\u00e7\u00e3o do Instituto pede contribui\u00e7\u00f5es por meio de materiais escolares e de alimentos n\u00e3o-perec\u00edveis, que ajudam a abastecer e manter o local. Os presentes devem ser entregues na sede do instituto, localizado na Av. Bar\u00e3o do Rio Branco, 3890 &#8211; Alto dos Passos, mesmo endere\u00e7o da capela onde est\u00e3o as cartinhas.<\/span><\/p>\n<p><span style=\"font-family: Arial,sans-serif;font-size: small\">O projeto \u201cComunidade Esperan\u00e7a\u201d acolhe crian\u00e7as de 6 a 11 anos em estado de vulnerabilidade social, no hor\u00e1rio de contra turno escolar. Al\u00e9m das aulas de refor\u00e7o escolar e atividades culturais, os pequenos ainda podem se alimentar adequadamente, com caf\u00e9 da manh\u00e3, almo\u00e7o e caf\u00e9 da tarde. Para se manter, a institui\u00e7\u00e3o conta com a colabora\u00e7\u00e3o de funcion\u00e1rios, volunt\u00e1rios e estagi\u00e1rios.<\/span><\/p>\n<p>&nbsp;<\/p>\n<p>Fonte: Assessoria<\/p>\n","protected":false},"excerpt":{"rendered":"<p>Como acontece todos os anos, o Instituto Padre Jo\u00e3o Em\u00edlio, como forma de aproximar os fi\u00e9is dos alunos beneficiados pelo projeto \u201cComunidade Esperan\u00e7a\u201d, montou uma \u00c1rvore de Natal na Capela Santa Maria Eufr\u00e1sia. Na \u00faltima semana, o s\u00edmbolo natalino come\u00e7ou a ser enfeitado com cartinhas das crian\u00e7as. Elas t\u00eam pedidos de presentes feitos pelos pequenos, [&hellip;]<\/p>\n","protected":false},"author":207,"featured_media":125476,"comment_status":"closed","ping_status":"closed","sticky":false,"template":"","format":"standard","meta":{"footnotes":""},"categories":[253,440,439],"tags":[],"class_list":["post-125474","post","type-post","status-publish","format-standard","has-post-thumbnail","hentry","category-cidade","category-destaques-do-dia","category-ultima-hora"],"_links":{"self":[{"href":"https:\/\/diarioregionaldigital.com.br\/index.php?rest_route=\/wp\/v2\/posts\/125474","targetHints":{"allow":["GET"]}}],"collection":[{"href":"https:\/\/diarioregionaldigital.com.br\/index.php?rest_route=\/wp\/v2\/posts"}],"about":[{"href":"https:\/\/diarioregionaldigital.com.br\/index.php?rest_route=\/wp\/v2\/types\/post"}],"author":[{"embeddable":true,"href":"https:\/\/diarioregionaldigital.com.br\/index.php?rest_route=\/wp\/v2\/users\/207"}],"replies":[{"embeddable":true,"href":"https:\/\/diarioregionaldigital.com.br\/index.php?rest_route=%2Fwp%2Fv2%2Fcomments&post=125474"}],"version-history":[{"count":0,"href":"https:\/\/diarioregionaldigital.com.br\/index.php?rest_route=\/wp\/v2\/posts\/125474\/revisions"}],"wp:featuredmedia":[{"embeddable":true,"href":"https:\/\/diarioregionaldigital.com.br\/index.php?rest_route=\/wp\/v2\/media\/125476"}],"wp:attachment":[{"href":"https:\/\/diarioregionaldigital.com.br\/index.php?rest_route=%2Fwp%2Fv2%2Fmedia&parent=125474"}],"wp:term":[{"taxonomy":"category","embeddable":true,"href":"https:\/\/diarioregionaldigital.com.br\/index.php?rest_route=%2Fwp%2Fv2%2Fcategories&post=125474"},{"taxonomy":"post_tag","embeddable":true,"href":"https:\/\/diarioregionaldigital.com.br\/index.php?rest_route=%2Fwp%2Fv2%2Ftags&post=125474"}],"curies":[{"name":"wp","href":"https:\/\/api.w.org\/{rel}","templated":true}]}}