{"id":125467,"date":"2018-11-12T13:34:20","date_gmt":"2018-11-12T15:34:20","guid":{"rendered":"https:\/\/diarioregionaldigital.com.br\/?p=125467"},"modified":"2018-11-12T13:34:20","modified_gmt":"2018-11-12T15:34:20","slug":"festival-jazz-de-montanha-oferece-nove-shows-gratuitos-e-tres-workshops","status":"publish","type":"post","link":"https:\/\/diarioregionaldigital.com.br\/?p=125467","title":{"rendered":"\u201cFestival Jazz de Montanha\u201d oferece nove shows gratuitos e tr\u00eas workshops"},"content":{"rendered":"<p>Quatro dias para curtir m\u00fasica de qualidade \u00e9 o que promete o \u201cFestival Jazz de Montanha\u201d, que acontece de 14 a 17 deste m\u00eas em Juiz de Fora. A programa\u00e7\u00e3o inclui nove shows gratuitos e tr\u00eas workshops. Em sua segunda edi\u00e7\u00e3o, o evento reunir\u00e1 artistas de Belo Horizonte, S\u00e3o Paulo e Rio de Janeiro, al\u00e9m das atra\u00e7\u00f5es locais. Neste ano, o festival homenageia o baterista e compositor juiz-forano Jo\u00e3o Carlos Guedes Pimentel, conhecido popularmente como \u201cBig Charles\u201d, que morreu aos 73 anos em janeiro passado.<\/p>\n<p>Os shows acontecem no Teatro \u201cPaschoal Carlos Magno\u201d (Rua Gilberto de Alencar &#8211; Centro), e os convites podem ser retirados pelo site (www.sympla.com.br\/jazzdemontanha) ou com uma hora de anteced\u00eancia na bilheteria. J\u00e1 os workshops, voltados para m\u00fasicos e estudantes, ser\u00e3o realizados no Maquinaria (Rua S\u00e3o Mateus, 552 \u2013 S\u00e3o Mateus). O pre\u00e7o \u00e9 de R$ 20, e as inscri\u00e7\u00f5es devem ser feitas pela p\u00e1gina do Festival no Sympla.<\/p>\n<p>A primeira edi\u00e7\u00e3o do \u201cJazz de Montanha\u201d aconteceu em 2014, e o evento foi criado para dar espa\u00e7o e visibilidade \u00e0 nova gera\u00e7\u00e3o de artistas locais e de todo o Brasil, promovendo, sobretudo, a m\u00fasica instrumental. \u201cJuiz de Fora \u00e9 uma cidade muito rica culturalmente. Existem trabalhos importantes de artistas que atuam na cidade, e o festival \u00e9 uma janela e uma porta para mostrar esse trabalho. Queremos incentivar esses m\u00fasicos, al\u00e9m de estimular o consumo da m\u00fasica instrumental\u201d, afirma a cantora Carolina Serdeira, da comiss\u00e3o organizadora.<\/p>\n<p><b>Programa\u00e7\u00e3o<\/b><\/p>\n<p><b>14 DE NOVEMBRO |QUARTA-FEIRA<\/b><\/p>\n<p>Local: Maquinaria<\/p>\n<p>&#8211; Workshop \u201cSax e Clarineta\u201d, ministrado por Nailor Proveta &#8211; 10h<\/p>\n<p>Local: Teatro \u201cPaschoal Carlos Magno\u201d:<\/p>\n<p>&#8211; Banda Tenente Janu\u00e1rio, sob reg\u00eancia do maestro R\u00f4mulo Ferreira &#8211; 18h<\/p>\n<p>&#8211; Banda Chadas Ustuntas Quinteto &#8211; 19h30<\/p>\n<p>&#8211; Lan\u00e7amento do CD \u201cRebento\u201d, do violonista Samy Erick &#8211; Show de encerramento<\/p>\n<p><b>15 DE NOVEMBRO | QUINTA-FEIRA<\/b><\/p>\n<p>Local: Maquinaria<\/p>\n<p>&#8211; Workshop \u201cViol\u00e3o e Guitarra\u201d, ministrado por Samy Erick &#8211; 10h<\/p>\n<p>Local: Teatro \u201cPaschoal Carlos Magno\u201d<\/p>\n<p>&#8211; Show de S\u00e9rgio Santos, com o convidado Nailor Proveta e a participa\u00e7\u00e3o especial de Ma\u00edra Manga &#8211; 19h30<\/p>\n<p>&#8211; Show do lan\u00e7amento do DVD de 10 anos de carreira de Carolina Serdeira &#8211; 21h<\/p>\n<p><b>16 DE NOVEMBRO \u2013 SEXTA-FEIRA<\/b><\/p>\n<p>Local: Maquinaria<\/p>\n<p>&#8211; Workshop \u201cBateria\u201d, ministrado por Paulo Braga &#8211; 10h<\/p>\n<p>Local: Teatro \u201cPaschoal Carlos Magno\u201d<\/p>\n<p>&#8211; Show em Homenagem ao Big Charles &#8211; 19h30<\/p>\n<p>&#8211; Show Nivaldo Ornelas Quarteto &#8211; 21h<\/p>\n<p><b>17 DE NOVEMBRO &#8211; S\u00c1BADO<\/b><\/p>\n<p>Local: Teatro \u201cPaschoal Carlos Magno\u201d<\/p>\n<p>&#8211; Show de Thiago Delegado, lan\u00e7amento do disco \u201cSambetes Vol. 1\u201d &#8211; 19h30<\/p>\n<p>&#8211; Lan\u00e7amento do \u00e1lbum visual do projeto \u201cRedescobrir \u2013 Elis Regina\u201d, com releituras de cl\u00e1ssicos da cantora &#8211; 21h<\/p>\n<p><em>Fonte: PJF<\/em><\/p>\n","protected":false},"excerpt":{"rendered":"<p>Quatro dias para curtir m\u00fasica de qualidade \u00e9 o que promete o \u201cFestival Jazz de Montanha\u201d, que acontece de 14 a 17 deste m\u00eas em Juiz de Fora. A programa\u00e7\u00e3o inclui nove shows gratuitos e tr\u00eas workshops. Em sua segunda edi\u00e7\u00e3o, o evento reunir\u00e1 artistas de Belo Horizonte, S\u00e3o Paulo e Rio de Janeiro, al\u00e9m [&hellip;]<\/p>\n","protected":false},"author":96,"featured_media":0,"comment_status":"closed","ping_status":"closed","sticky":false,"template":"","format":"standard","meta":{"footnotes":""},"categories":[256,439],"tags":[],"class_list":["post-125467","post","type-post","status-publish","format-standard","hentry","category-cultura","category-ultima-hora"],"_links":{"self":[{"href":"https:\/\/diarioregionaldigital.com.br\/index.php?rest_route=\/wp\/v2\/posts\/125467","targetHints":{"allow":["GET"]}}],"collection":[{"href":"https:\/\/diarioregionaldigital.com.br\/index.php?rest_route=\/wp\/v2\/posts"}],"about":[{"href":"https:\/\/diarioregionaldigital.com.br\/index.php?rest_route=\/wp\/v2\/types\/post"}],"author":[{"embeddable":true,"href":"https:\/\/diarioregionaldigital.com.br\/index.php?rest_route=\/wp\/v2\/users\/96"}],"replies":[{"embeddable":true,"href":"https:\/\/diarioregionaldigital.com.br\/index.php?rest_route=%2Fwp%2Fv2%2Fcomments&post=125467"}],"version-history":[{"count":0,"href":"https:\/\/diarioregionaldigital.com.br\/index.php?rest_route=\/wp\/v2\/posts\/125467\/revisions"}],"wp:attachment":[{"href":"https:\/\/diarioregionaldigital.com.br\/index.php?rest_route=%2Fwp%2Fv2%2Fmedia&parent=125467"}],"wp:term":[{"taxonomy":"category","embeddable":true,"href":"https:\/\/diarioregionaldigital.com.br\/index.php?rest_route=%2Fwp%2Fv2%2Fcategories&post=125467"},{"taxonomy":"post_tag","embeddable":true,"href":"https:\/\/diarioregionaldigital.com.br\/index.php?rest_route=%2Fwp%2Fv2%2Ftags&post=125467"}],"curies":[{"name":"wp","href":"https:\/\/api.w.org\/{rel}","templated":true}]}}