{"id":125464,"date":"2018-11-12T13:27:47","date_gmt":"2018-11-12T15:27:47","guid":{"rendered":"https:\/\/diarioregionaldigital.com.br\/?p=125464"},"modified":"2018-11-12T13:29:19","modified_gmt":"2018-11-12T15:29:19","slug":"settra-aborda-mais-26-onibus-e-autua-dois-durante-fiscalizacao","status":"publish","type":"post","link":"https:\/\/diarioregionaldigital.com.br\/?p=125464","title":{"rendered":"Settra aborda mais 26 \u00f4nibus e autua dois durante fiscaliza\u00e7\u00e3o"},"content":{"rendered":"<p>A fiscaliza\u00e7\u00e3o intensiva promovida pela Secretaria de Transporte e Tr\u00e2nsito (Settra) da Prefeitura de Juiz de Fora (PJF) foi mantida durante o final de semana. Nesse s\u00e1bado, 10, os agentes do Departamento de Fiscaliza\u00e7\u00e3o de Transporte e Tr\u00e2nsito (DFTT) abordaram 12 ve\u00edculos na garagem dos cons\u00f3rcios.<\/p>\n<p>Na \u00faltima sexta-feira, 9, durante opera\u00e7\u00e3o na regi\u00e3o central e tamb\u00e9m nas garagens, 14 \u00f4nibus foram verificados e dois foram autuados: um coletivo circular com bancos em mau estado de conserva\u00e7\u00e3o e outro com falha no dispositivo de porta.<\/p>\n<p>As a\u00e7\u00f5es intensificadas da Settra est\u00e3o sendo realizadas de forma complementar \u00e0s atividades de rotina e tem como objetivo garantir melhor presta\u00e7\u00e3o no servi\u00e7o do transporte coletivo na cidade.<\/p>\n<p><b>Servi\u00e7o de orienta\u00e7\u00e3o ao usu\u00e1rio<\/b><\/p>\n<p>Den\u00fancias, elogios ou sugest\u00f5es relacionados ao servi\u00e7o de transporte coletivo ou escolar podem ser feitas \u00e0 Settra, atrav\u00e9s do 3690-8218 ou settraatende@pjf.mg.gov.br. Em casos de flagrantes, a equipe pode ser acionada atrav\u00e9s do 3690-7400.<\/p>\n","protected":false},"excerpt":{"rendered":"<p>A fiscaliza\u00e7\u00e3o intensiva promovida pela Secretaria de Transporte e Tr\u00e2nsito (Settra) da Prefeitura de Juiz de Fora (PJF) foi mantida durante o final de semana. Nesse s\u00e1bado, 10, os agentes do Departamento de Fiscaliza\u00e7\u00e3o de Transporte e Tr\u00e2nsito (DFTT) abordaram 12 ve\u00edculos na garagem dos cons\u00f3rcios. Na \u00faltima sexta-feira, 9, durante opera\u00e7\u00e3o na regi\u00e3o central [&hellip;]<\/p>\n","protected":false},"author":96,"featured_media":124979,"comment_status":"closed","ping_status":"closed","sticky":false,"template":"","format":"standard","meta":{"footnotes":""},"categories":[253,439],"tags":[],"class_list":["post-125464","post","type-post","status-publish","format-standard","has-post-thumbnail","hentry","category-cidade","category-ultima-hora"],"_links":{"self":[{"href":"https:\/\/diarioregionaldigital.com.br\/index.php?rest_route=\/wp\/v2\/posts\/125464","targetHints":{"allow":["GET"]}}],"collection":[{"href":"https:\/\/diarioregionaldigital.com.br\/index.php?rest_route=\/wp\/v2\/posts"}],"about":[{"href":"https:\/\/diarioregionaldigital.com.br\/index.php?rest_route=\/wp\/v2\/types\/post"}],"author":[{"embeddable":true,"href":"https:\/\/diarioregionaldigital.com.br\/index.php?rest_route=\/wp\/v2\/users\/96"}],"replies":[{"embeddable":true,"href":"https:\/\/diarioregionaldigital.com.br\/index.php?rest_route=%2Fwp%2Fv2%2Fcomments&post=125464"}],"version-history":[{"count":0,"href":"https:\/\/diarioregionaldigital.com.br\/index.php?rest_route=\/wp\/v2\/posts\/125464\/revisions"}],"wp:featuredmedia":[{"embeddable":true,"href":"https:\/\/diarioregionaldigital.com.br\/index.php?rest_route=\/wp\/v2\/media\/124979"}],"wp:attachment":[{"href":"https:\/\/diarioregionaldigital.com.br\/index.php?rest_route=%2Fwp%2Fv2%2Fmedia&parent=125464"}],"wp:term":[{"taxonomy":"category","embeddable":true,"href":"https:\/\/diarioregionaldigital.com.br\/index.php?rest_route=%2Fwp%2Fv2%2Fcategories&post=125464"},{"taxonomy":"post_tag","embeddable":true,"href":"https:\/\/diarioregionaldigital.com.br\/index.php?rest_route=%2Fwp%2Fv2%2Ftags&post=125464"}],"curies":[{"name":"wp","href":"https:\/\/api.w.org\/{rel}","templated":true}]}}