{"id":125460,"date":"2018-11-13T12:00:05","date_gmt":"2018-11-13T14:00:05","guid":{"rendered":"https:\/\/diarioregionaldigital.com.br\/?p=125460"},"modified":"2018-11-13T12:06:01","modified_gmt":"2018-11-13T14:06:01","slug":"policiais-civis-de-juiz-de-fora-envolvidos-em-tiroteio-no-estacionamento-de-hospital-sao-presos","status":"publish","type":"post","link":"https:\/\/diarioregionaldigital.com.br\/?p=125460","title":{"rendered":"Policiais civis de Juiz de Fora envolvidos em tiroteio no estacionamento de hospital s\u00e3o presos"},"content":{"rendered":"<p><em>*Caroline Delgado e S\u00e1vio Duque<\/em><\/p>\n<p>Os tr\u00eas policiais civis de Juiz de Fora envolvidos em uma troca de tiro no estacionamento do hospital Monte Sinai, zona Sul de Juiz de Fora, que resultou na morte de duas pessoas, foram presos na manh\u00e3 desta segunda-feira, 12. De acordo com informa\u00e7\u00f5es, os detidos foram ouvidos, na sede da 4\u00aa Regi\u00e3o Integrada de Seguran\u00e7a P\u00fablica (Risp), e v\u00e3o ser transferidos para a Casa de Cust\u00f3dia, em Belo Horizonte.<\/p>\n<p>A reportagem do Di\u00e1rio Regional entrou em contato com a assessoria da Pol\u00edcia Civil de Minas Gerais que informou, por meio de nota, que o procedimento est\u00e1 em segredo de justi\u00e7a, portanto a Pol\u00edcia Civil n\u00e3o pode se manifestar.<\/p>\n<p>Nota na \u00edntegra:<\/p>\n<p style=\"text-align: center;\"><em>Em rela\u00e7\u00e3o ao fato envolvendo servidores das Pol\u00edcias Civis de Minas Gerais e de S\u00e3o Paulo, na cidade de Juiz de Fora (MG), a Pol\u00edcia Civil de Minas Gerais (PCMG) informa que a investiga\u00e7\u00e3o est\u00e1 sendo presidida pela Corregedoria-Geral da PCMG, juntamente com os Promotores de Justi\u00e7a da comarca de Juiz de Fora\/MG e do GAECO da Capital. Esclarece que, nesta segunda-feira (12), foram presos tr\u00eas policiais civis de Minas Gerais, que ser\u00e3o transferidos para a Casa de Cust\u00f3dia, em Belo Horizonte. O procedimento tramita em segredo de Justi\u00e7a, portanto, n\u00e3o \u00e9 poss\u00edvel que a institui\u00e7\u00e3o repasse detalhes do trabalho investigativo.<\/em><\/p>\n<p data-track-category=\"Link no Texto\" data-track-links=\"\">No \u00faltimo m\u00eas, os policiais civis de S\u00e3o Paulo tiveram a pris\u00e3o em flagrante convertida para pris\u00e3o preventiva e foram transferidos para Belo Horizonte. A audi\u00eancia de cust\u00f3dia foi realizada no dia 21 de outubro, no F\u00f3rum Benjamin Colucci, sentenciada pelo juiz Paulo Trist\u00e3o.<\/p>\n<h3 data-track-category=\"Link no Texto\">&#8220;Mala de dinheiro&#8221;<\/h3>\n<p>Ap\u00f3s o tiroteio, foram encontrados R$ 14 milh\u00f5es em malas que estavam nos carros dos policiais de S\u00e3o Paulo. Segundo informa\u00e7\u00f5es da Policia Civil de Minas Gerais, grande parte desse dinheiro era falso. Al\u00e9m das malas com as notas, foram encontrados e apreendidos pistola, aparelhos celulares, distintivos de delgado de pol\u00edcia, coletes bal\u00edsticos, alguns pap\u00e9is com anota\u00e7\u00f5es, carregadores de muni\u00e7\u00e3o e outros cinco ve\u00edculos.<\/p>\n<p>De acordo com o Superintendente Capristrano, reveladas em uma entrevista coletiva, no dia 20 de outubro, no total, foram nove policiais civis do Estado de S\u00e3o Paulo. Quatro destes, dois delegados e dois investigadores, foram presos em flagrante e autuados por lavagem de dinheiro.<\/p>\n","protected":false},"excerpt":{"rendered":"<p>*Caroline Delgado e S\u00e1vio Duque Os tr\u00eas policiais civis de Juiz de Fora envolvidos em uma troca de tiro no estacionamento do hospital Monte Sinai, zona Sul de Juiz de Fora, que resultou na morte de duas pessoas, foram presos na manh\u00e3 desta segunda-feira, 12. De acordo com informa\u00e7\u00f5es, os detidos foram ouvidos, na sede [&hellip;]<\/p>\n","protected":false},"author":96,"featured_media":0,"comment_status":"closed","ping_status":"closed","sticky":false,"template":"","format":"standard","meta":{"footnotes":""},"categories":[301,436,440,439],"tags":[],"class_list":["post-125460","post","type-post","status-publish","format-standard","hentry","category-artigos-policiais","category-destaque-da-semana","category-destaques-do-dia","category-ultima-hora"],"_links":{"self":[{"href":"https:\/\/diarioregionaldigital.com.br\/index.php?rest_route=\/wp\/v2\/posts\/125460","targetHints":{"allow":["GET"]}}],"collection":[{"href":"https:\/\/diarioregionaldigital.com.br\/index.php?rest_route=\/wp\/v2\/posts"}],"about":[{"href":"https:\/\/diarioregionaldigital.com.br\/index.php?rest_route=\/wp\/v2\/types\/post"}],"author":[{"embeddable":true,"href":"https:\/\/diarioregionaldigital.com.br\/index.php?rest_route=\/wp\/v2\/users\/96"}],"replies":[{"embeddable":true,"href":"https:\/\/diarioregionaldigital.com.br\/index.php?rest_route=%2Fwp%2Fv2%2Fcomments&post=125460"}],"version-history":[{"count":0,"href":"https:\/\/diarioregionaldigital.com.br\/index.php?rest_route=\/wp\/v2\/posts\/125460\/revisions"}],"wp:attachment":[{"href":"https:\/\/diarioregionaldigital.com.br\/index.php?rest_route=%2Fwp%2Fv2%2Fmedia&parent=125460"}],"wp:term":[{"taxonomy":"category","embeddable":true,"href":"https:\/\/diarioregionaldigital.com.br\/index.php?rest_route=%2Fwp%2Fv2%2Fcategories&post=125460"},{"taxonomy":"post_tag","embeddable":true,"href":"https:\/\/diarioregionaldigital.com.br\/index.php?rest_route=%2Fwp%2Fv2%2Ftags&post=125460"}],"curies":[{"name":"wp","href":"https:\/\/api.w.org\/{rel}","templated":true}]}}