{"id":125452,"date":"2018-11-12T08:50:42","date_gmt":"2018-11-12T10:50:42","guid":{"rendered":"https:\/\/diarioregionaldigital.com.br\/?p=125452"},"modified":"2018-11-12T13:15:26","modified_gmt":"2018-11-12T15:15:26","slug":"tempo-continua-instavel-em-juiz-de-fora-2","status":"publish","type":"post","link":"https:\/\/diarioregionaldigital.com.br\/?p=125452","title":{"rendered":"Tempo continua inst\u00e1vel em Juiz de Fora"},"content":{"rendered":"<p>O in\u00edcio da semana em Juiz de Fora ser\u00e1 de c\u00e9u nublado a parcialmente nublado. Esse cen\u00e1rio deve predominar at\u00e9 na quinta-feira, quando deve voltar a chover.<\/p>\n<p>Nesta segunda-feira, o dia deve ter predom\u00ednio de sol, em que a m\u00e1xima pode chegar a 32\u00b0. A tend\u00eancia \u00e9 que a temperatura suba gradativamente e atinja m\u00e1xima de 32\u00b0 e m\u00ednima de 18\u00b0. J\u00e1 nesta ter\u00e7a-feira, 13, os term\u00f4metros podem registrar m\u00e1xima de 27\u00b0 e m\u00ednima de 18\u00b0.<\/p>\n<p>A previs\u00e3o para os pr\u00f3ximos dias, indica que devem permanecer \u00e1reas com chuvas no Sul\/Sudeste de Minas Gerais. De modo geral, de acordo com o INMET, as temperaturas devem permanecer acima da m\u00e9dia em grande parte da regi\u00e3o.<\/p>\n<p>Segundo os dados, a temperatura deve cair para 25\u00ba de m\u00e1xima na sexta-feira,16, com chuva durante o dia. No s\u00e1bado, 17, a m\u00e1xima aumenta para 30\u00b0. No domingo, 21, o sol volta aparecer entre as nuvens de manh\u00e3. Pancadas de chuva \u00e0 tarde e \u00e0 noite.<\/p>\n","protected":false},"excerpt":{"rendered":"<p>O in\u00edcio da semana em Juiz de Fora ser\u00e1 de c\u00e9u nublado a parcialmente nublado. Esse cen\u00e1rio deve predominar at\u00e9 na quinta-feira, quando deve voltar a chover. Nesta segunda-feira, o dia deve ter predom\u00ednio de sol, em que a m\u00e1xima pode chegar a 32\u00b0. A tend\u00eancia \u00e9 que a temperatura suba gradativamente e atinja m\u00e1xima [&hellip;]<\/p>\n","protected":false},"author":96,"featured_media":0,"comment_status":"closed","ping_status":"closed","sticky":false,"template":"","format":"standard","meta":{"footnotes":""},"categories":[253,436,440,439],"tags":[],"class_list":["post-125452","post","type-post","status-publish","format-standard","hentry","category-cidade","category-destaque-da-semana","category-destaques-do-dia","category-ultima-hora"],"_links":{"self":[{"href":"https:\/\/diarioregionaldigital.com.br\/index.php?rest_route=\/wp\/v2\/posts\/125452","targetHints":{"allow":["GET"]}}],"collection":[{"href":"https:\/\/diarioregionaldigital.com.br\/index.php?rest_route=\/wp\/v2\/posts"}],"about":[{"href":"https:\/\/diarioregionaldigital.com.br\/index.php?rest_route=\/wp\/v2\/types\/post"}],"author":[{"embeddable":true,"href":"https:\/\/diarioregionaldigital.com.br\/index.php?rest_route=\/wp\/v2\/users\/96"}],"replies":[{"embeddable":true,"href":"https:\/\/diarioregionaldigital.com.br\/index.php?rest_route=%2Fwp%2Fv2%2Fcomments&post=125452"}],"version-history":[{"count":0,"href":"https:\/\/diarioregionaldigital.com.br\/index.php?rest_route=\/wp\/v2\/posts\/125452\/revisions"}],"wp:attachment":[{"href":"https:\/\/diarioregionaldigital.com.br\/index.php?rest_route=%2Fwp%2Fv2%2Fmedia&parent=125452"}],"wp:term":[{"taxonomy":"category","embeddable":true,"href":"https:\/\/diarioregionaldigital.com.br\/index.php?rest_route=%2Fwp%2Fv2%2Fcategories&post=125452"},{"taxonomy":"post_tag","embeddable":true,"href":"https:\/\/diarioregionaldigital.com.br\/index.php?rest_route=%2Fwp%2Fv2%2Ftags&post=125452"}],"curies":[{"name":"wp","href":"https:\/\/api.w.org\/{rel}","templated":true}]}}