{"id":125449,"date":"2018-11-12T11:40:36","date_gmt":"2018-11-12T13:40:36","guid":{"rendered":"https:\/\/diarioregionaldigital.com.br\/?p=125449"},"modified":"2018-11-12T11:40:36","modified_gmt":"2018-11-12T13:40:36","slug":"condutor-e-mulher-gravida-ficam-feridos-em-acidente-na-br-116","status":"publish","type":"post","link":"https:\/\/diarioregionaldigital.com.br\/?p=125449","title":{"rendered":"Condutor e mulher gr\u00e1vida ficam feridos em acidente na BR-116"},"content":{"rendered":"<p>Um casal ficou ferido em um capotamento na BR-116, pr\u00f3ximo ao Posto da Pol\u00edcia Rodovi\u00e1ria Federal (PRF) em Muria\u00e9, no in\u00edcio da noite desse domingo, 11.\u00a0 Conforme a passageira, que est\u00e1 gr\u00e1vida, eles seguiam sentido a Muria\u00e9 quando o condutor tentou colocar o cinto de seguran\u00e7a e acabou perdendo o controle e capotando o autom\u00f3vel.<\/p>\n<p>A mulher foi socorrida\u00a0pelo SAMU,\u00a0consciente\u00a0e com v\u00e1rias escoria\u00e7\u00f5es pelo corpo\u00a0e o homem pela\u00a0Unidade de Resgate do Corpo de Bombeiros em estado considerado muito grave. Ambos foram conduzidos para o Hospital S\u00e3o Paulo em Muria\u00e9.\u00a0N\u00e3o conseguimos informa\u00e7\u00f5es sobre o estado do beb\u00ea.<\/p>\n<p>A Pol\u00edcia Rodovi\u00e1ria Federal (PRF) registrou a ocorr\u00eancia.<\/p>\n","protected":false},"excerpt":{"rendered":"<p>Um casal ficou ferido em um capotamento na BR-116, pr\u00f3ximo ao Posto da Pol\u00edcia Rodovi\u00e1ria Federal (PRF) em Muria\u00e9, no in\u00edcio da noite desse domingo, 11.\u00a0 Conforme a passageira, que est\u00e1 gr\u00e1vida, eles seguiam sentido a Muria\u00e9 quando o condutor tentou colocar o cinto de seguran\u00e7a e acabou perdendo o controle e capotando o autom\u00f3vel. [&hellip;]<\/p>\n","protected":false},"author":96,"featured_media":0,"comment_status":"closed","ping_status":"closed","sticky":false,"template":"","format":"standard","meta":{"footnotes":""},"categories":[252,439],"tags":[],"class_list":["post-125449","post","type-post","status-publish","format-standard","hentry","category-regiao","category-ultima-hora"],"_links":{"self":[{"href":"https:\/\/diarioregionaldigital.com.br\/index.php?rest_route=\/wp\/v2\/posts\/125449","targetHints":{"allow":["GET"]}}],"collection":[{"href":"https:\/\/diarioregionaldigital.com.br\/index.php?rest_route=\/wp\/v2\/posts"}],"about":[{"href":"https:\/\/diarioregionaldigital.com.br\/index.php?rest_route=\/wp\/v2\/types\/post"}],"author":[{"embeddable":true,"href":"https:\/\/diarioregionaldigital.com.br\/index.php?rest_route=\/wp\/v2\/users\/96"}],"replies":[{"embeddable":true,"href":"https:\/\/diarioregionaldigital.com.br\/index.php?rest_route=%2Fwp%2Fv2%2Fcomments&post=125449"}],"version-history":[{"count":0,"href":"https:\/\/diarioregionaldigital.com.br\/index.php?rest_route=\/wp\/v2\/posts\/125449\/revisions"}],"wp:attachment":[{"href":"https:\/\/diarioregionaldigital.com.br\/index.php?rest_route=%2Fwp%2Fv2%2Fmedia&parent=125449"}],"wp:term":[{"taxonomy":"category","embeddable":true,"href":"https:\/\/diarioregionaldigital.com.br\/index.php?rest_route=%2Fwp%2Fv2%2Fcategories&post=125449"},{"taxonomy":"post_tag","embeddable":true,"href":"https:\/\/diarioregionaldigital.com.br\/index.php?rest_route=%2Fwp%2Fv2%2Ftags&post=125449"}],"curies":[{"name":"wp","href":"https:\/\/api.w.org\/{rel}","templated":true}]}}