{"id":125434,"date":"2018-11-12T11:09:50","date_gmt":"2018-11-12T13:09:50","guid":{"rendered":"https:\/\/diarioregionaldigital.com.br\/?p=125434"},"modified":"2018-11-12T11:09:50","modified_gmt":"2018-11-12T13:09:50","slug":"sds-participa-do-dia-d-de-inclusao-da-pessoa-com-deficiencia-no-mercado-de-trabalho","status":"publish","type":"post","link":"https:\/\/diarioregionaldigital.com.br\/?p=125434","title":{"rendered":"SDS Participa do \u201cDia D\u201d de inclus\u00e3o da pessoa com defici\u00eancia no mercado de trabalho"},"content":{"rendered":"<p>A Secretaria de Desenvolvimento Social (SDS), por meio do Departamento da Pessoa com Defici\u00eancia e Direitos Humanos (DPCDH), participa do \u201cDia D\u201d de inclus\u00e3o da pessoa com defici\u00eancia no mercado de trabalho. O evento acontece nesta ter\u00e7a-feira, 11, \u00e0s 14hrs, no Shopping Jardim Norte, Av. Brasil, 6.345, bairro Mariano Proc\u00f3pio.<\/p>\n<p>A a\u00e7\u00e3o nacional \u00e9 organizada em Juiz de Fora pela Secretaria de Estado de Trabalho e Desenvolvimento Social (Sedese), em parceria com o Minist\u00e9rio do Trabalho e Emprego,Unidade de Atendimento Integrada (UAI), Prefeitura Municipal de Juiz de Fora (PJF) e Instituto Nacional de Seguridade Social (INSS).<\/p>\n<p>Promover a inclus\u00e3o das pessoas com defici\u00eancia e dos benefici\u00e1rios reabilitados pela Previd\u00eancia Social no mercado formal de trabalho, fortalecer as pol\u00edticas de empregabilidade e a aproxima\u00e7\u00e3o entre trabalhadores com defici\u00eancia e as empresas s\u00e3o os principais objetivos do \u201cDia D\u201d.<\/p>\n<p>A programa\u00e7\u00e3o do evento contar\u00e1 com a troca de experi\u00eancias de algumas empresas locais que implementaram o Programa de Aprendizagem para Pessoa com Defici\u00eancia e obtiveram \u00eaxito na contrata\u00e7\u00e3o deste p\u00fablico, auxiliando no cumprimento do percentual de vagas previsto na Lei no 8.213\/1991, a Lei de Cotas. Haver\u00e1 tamb\u00e9m a exposi\u00e7\u00e3o de empresas de tecnologia assistiva e um espa\u00e7o liter\u00e1rio.<\/p>\n<p>O evento contar\u00e1 tamb\u00e9m com um espa\u00e7o para apresenta\u00e7\u00e3o de servi\u00e7os e orienta\u00e7\u00f5es jur\u00eddicas e institucionais para as empresas e pessoas com defici\u00eancia, contando com servi\u00e7os de intermedia\u00e7\u00e3o de m\u00e3o de obra e orienta\u00e7\u00e3o profissional.<\/p>\n<p>De acordo com os dados do Censo 2010 do IBGE, h\u00e1 em Juiz de Fora 74.197 pessoas com defici\u00eancia. Destas 32.821 est\u00e3o sem uma coloca\u00e7\u00e3o no mercado profissional sendo um p\u00fablico em potencial para inser\u00e7\u00e3o na economia produtiva. Os dados registram ainda que h\u00e1 21.099 pessoas com defici\u00eancia que possuem pelo menos o ensino m\u00e9dio completo e 9.521 com curso superior completo.<\/p>\n<p>O Minist\u00e9rio do Trabalho notificar\u00e1 as empresas do munic\u00edpio em descumprimento de cotas para que compare\u00e7am ao \u201cDia D\u201d. A inten\u00e7\u00e3o \u00e9 aproximar trabalhadores e empregadores para garantir o cumprimento da legisla\u00e7\u00e3o, atrav\u00e9s de a\u00e7\u00f5es que possam construir alternativas de sucesso, desconstruir preconceitos atitudinais e garantir uma inclus\u00e3o qualificada das pessoas com defici\u00eancia.<\/p>\n","protected":false},"excerpt":{"rendered":"<p>A Secretaria de Desenvolvimento Social (SDS), por meio do Departamento da Pessoa com Defici\u00eancia e Direitos Humanos (DPCDH), participa do \u201cDia D\u201d de inclus\u00e3o da pessoa com defici\u00eancia no mercado de trabalho. O evento acontece nesta ter\u00e7a-feira, 11, \u00e0s 14hrs, no Shopping Jardim Norte, Av. Brasil, 6.345, bairro Mariano Proc\u00f3pio. A a\u00e7\u00e3o nacional \u00e9 organizada [&hellip;]<\/p>\n","protected":false},"author":96,"featured_media":0,"comment_status":"closed","ping_status":"closed","sticky":false,"template":"","format":"standard","meta":{"footnotes":""},"categories":[253,439],"tags":[],"class_list":["post-125434","post","type-post","status-publish","format-standard","hentry","category-cidade","category-ultima-hora"],"_links":{"self":[{"href":"https:\/\/diarioregionaldigital.com.br\/index.php?rest_route=\/wp\/v2\/posts\/125434","targetHints":{"allow":["GET"]}}],"collection":[{"href":"https:\/\/diarioregionaldigital.com.br\/index.php?rest_route=\/wp\/v2\/posts"}],"about":[{"href":"https:\/\/diarioregionaldigital.com.br\/index.php?rest_route=\/wp\/v2\/types\/post"}],"author":[{"embeddable":true,"href":"https:\/\/diarioregionaldigital.com.br\/index.php?rest_route=\/wp\/v2\/users\/96"}],"replies":[{"embeddable":true,"href":"https:\/\/diarioregionaldigital.com.br\/index.php?rest_route=%2Fwp%2Fv2%2Fcomments&post=125434"}],"version-history":[{"count":0,"href":"https:\/\/diarioregionaldigital.com.br\/index.php?rest_route=\/wp\/v2\/posts\/125434\/revisions"}],"wp:attachment":[{"href":"https:\/\/diarioregionaldigital.com.br\/index.php?rest_route=%2Fwp%2Fv2%2Fmedia&parent=125434"}],"wp:term":[{"taxonomy":"category","embeddable":true,"href":"https:\/\/diarioregionaldigital.com.br\/index.php?rest_route=%2Fwp%2Fv2%2Fcategories&post=125434"},{"taxonomy":"post_tag","embeddable":true,"href":"https:\/\/diarioregionaldigital.com.br\/index.php?rest_route=%2Fwp%2Fv2%2Ftags&post=125434"}],"curies":[{"name":"wp","href":"https:\/\/api.w.org\/{rel}","templated":true}]}}