{"id":125428,"date":"2018-11-12T10:39:18","date_gmt":"2018-11-12T12:39:18","guid":{"rendered":"https:\/\/diarioregionaldigital.com.br\/?p=125428"},"modified":"2018-11-12T10:39:18","modified_gmt":"2018-11-12T12:39:18","slug":"enem-tem-66-eliminados-e-292-de-ausentes-no-segundo-dia-de-provas","status":"publish","type":"post","link":"https:\/\/diarioregionaldigital.com.br\/?p=125428","title":{"rendered":"Enem tem 66 eliminados e 29,2% de ausentes no segundo dia de provas"},"content":{"rendered":"<p>Nesse domingo, 11, o segundo dia de provas do Exame Nacional do Ensino M\u00e9dio (Enem),\u00a01.610.681 estudantes faltaram, o que representa 29,2% dos 5.513.726 inscritos. O \u00edndice \u00e9 maior do que o do\u00a0<span id=\"OBJ_PREFIX_DWT1951_com_zimbra_date\" role=\"link\"><span id=\"OBJ_PREFIX_DWT1960_com_zimbra_date\" role=\"link\">domingo<\/span><\/span>\u00a0passado, 4, que\u00a0foi de 24,9%, mas \u00e9 menor que as taxas registradas no segundo dia de provas em 2016 e 2017.<\/p>\n<p>O ministro da Educa\u00e7\u00e3o, Rossieli Soares, afirmou ser normal o aumento de aus\u00eancias no segundo dia do exame. \u201cO n\u00famero de aus\u00eancias foi menor que nos \u00faltimos anos, mas \u00e9 um pouco maior do que no primeiro dia, o que \u00e9 normal. \u00c0s vezes, o aluno n\u00e3o tem o desempenho que deseja ou imagina e acaba n\u00e3o indo no segundo dia\u201d, argumentou.<\/p>\n<h2>Eliminados<\/h2>\n<p>Neste\u00a0<span id=\"OBJ_PREFIX_DWT1952_com_zimbra_date\" role=\"link\"><span id=\"OBJ_PREFIX_DWT1961_com_zimbra_date\" role=\"link\">domingo<\/span><\/span>, 66 estudantes foram eliminados, a maioria por descumprimento das regras gerais do edital, como sair antes do hor\u00e1rio permitido, usar material impresso e n\u00e3o atender a orienta\u00e7\u00f5es dos fiscais. Dois foram eliminados na revista no detector de metais e por recusa na coleta dos dados biom\u00e9tricos.<\/p>\n<p>Em nenhum local, a aplica\u00e7\u00e3o da prova foi suspensa.\u00a0\u201cA log\u00edstica da aplica\u00e7\u00e3o funcionou maravilhosamente bem. Foi a melhor aplica\u00e7\u00e3o da hist\u00f3ria do Enem\u201d, afirmou o ministro.<\/p>\n<p>Os\u00a01.752\u00a0participantes afetados, no\u00a0<span id=\"OBJ_PREFIX_DWT1956_com_zimbra_date\" role=\"link\"><span id=\"OBJ_PREFIX_DWT1965_com_zimbra_date\" role=\"link\">domingo<\/span><\/span>\u00a0passado,\u00a0pela interrup\u00e7\u00e3o de energia el\u00e9trica, em Porto Nacional (TO) e Franca (SP), t\u00eam\u00a0direito \u00e0 reaplica\u00e7\u00e3o, dia\u00a0<span id=\"OBJ_PREFIX_DWT1957_com_zimbra_date\" role=\"link\"><span id=\"OBJ_PREFIX_DWT1966_com_zimbra_date\" role=\"link\">11 de dezembro<\/span><\/span>, das provas de linguagens, reda\u00e7\u00e3o e ci\u00eancias humanas. As provas para pessoas privadas de liberdade ser\u00e3o aplicadas dias 11 e\u00a0<span id=\"OBJ_PREFIX_DWT1958_com_zimbra_date\" role=\"link\"><span id=\"OBJ_PREFIX_DWT1967_com_zimbra_date\" role=\"link\">12 de dezembro<\/span><\/span>.<\/p>\n<h2>Gabarito<\/h2>\n<p>Os participantes responderam, neste\u00a0<span id=\"OBJ_PREFIX_DWT1953_com_zimbra_date\" role=\"link\"><span id=\"OBJ_PREFIX_DWT1962_com_zimbra_date\" role=\"link\">domingo<\/span><\/span>, \u00e0s quest\u00f5es de matem\u00e1tica e ci\u00eancias da natureza. Foram cinco horas para resolver 90 quest\u00f5es. As provas foram aplicadas em 10.718 locais, distribu\u00eddos em 1.725 munic\u00edpios. S\u00e3o cerca de 600 mil pessoas envolvidas na aplica\u00e7\u00e3o do Enem.<\/p>\n<p>O gabarito oficial ser\u00e1 divulgado em\u00a0<span id=\"OBJ_PREFIX_DWT1954_com_zimbra_date\" role=\"link\"><span id=\"OBJ_PREFIX_DWT1963_com_zimbra_date\" role=\"link\">14 de novembro<\/span><\/span>, juntamente com os cadernos de quest\u00f5es. J\u00e1 o resultado dever\u00e1 ser divulgado at\u00e9 o dia\u00a0<span id=\"OBJ_PREFIX_DWT1955_com_zimbra_date\" role=\"link\"><span id=\"OBJ_PREFIX_DWT1964_com_zimbra_date\" role=\"link\">18 de janeiro<\/span><\/span>\u00a0de 2019.<\/p>\n<p>A nota do Enem pode ser usada para concorrer a vagas no ensino superior p\u00fablico pelo Sistema de Sele\u00e7\u00e3o Unificada (Sisu) ou a bolsas em institui\u00e7\u00f5es privadas, pelo Programa Universidade para Todos (ProUni) e para participar do Fundo de Financiamento Estudantil (Fies).<\/p>\n<p>Fonte: Ag\u00eancia Brasil<\/p>\n","protected":false},"excerpt":{"rendered":"<p>Nesse domingo, 11, o segundo dia de provas do Exame Nacional do Ensino M\u00e9dio (Enem),\u00a01.610.681 estudantes faltaram, o que representa 29,2% dos 5.513.726 inscritos. O \u00edndice \u00e9 maior do que o do\u00a0domingo\u00a0passado, 4, que\u00a0foi de 24,9%, mas \u00e9 menor que as taxas registradas no segundo dia de provas em 2016 e 2017. O ministro da [&hellip;]<\/p>\n","protected":false},"author":96,"featured_media":0,"comment_status":"closed","ping_status":"closed","sticky":false,"template":"","format":"standard","meta":{"footnotes":""},"categories":[302],"tags":[],"class_list":["post-125428","post","type-post","status-publish","format-standard","hentry","category-brasil-mundo"],"_links":{"self":[{"href":"https:\/\/diarioregionaldigital.com.br\/index.php?rest_route=\/wp\/v2\/posts\/125428","targetHints":{"allow":["GET"]}}],"collection":[{"href":"https:\/\/diarioregionaldigital.com.br\/index.php?rest_route=\/wp\/v2\/posts"}],"about":[{"href":"https:\/\/diarioregionaldigital.com.br\/index.php?rest_route=\/wp\/v2\/types\/post"}],"author":[{"embeddable":true,"href":"https:\/\/diarioregionaldigital.com.br\/index.php?rest_route=\/wp\/v2\/users\/96"}],"replies":[{"embeddable":true,"href":"https:\/\/diarioregionaldigital.com.br\/index.php?rest_route=%2Fwp%2Fv2%2Fcomments&post=125428"}],"version-history":[{"count":0,"href":"https:\/\/diarioregionaldigital.com.br\/index.php?rest_route=\/wp\/v2\/posts\/125428\/revisions"}],"wp:attachment":[{"href":"https:\/\/diarioregionaldigital.com.br\/index.php?rest_route=%2Fwp%2Fv2%2Fmedia&parent=125428"}],"wp:term":[{"taxonomy":"category","embeddable":true,"href":"https:\/\/diarioregionaldigital.com.br\/index.php?rest_route=%2Fwp%2Fv2%2Fcategories&post=125428"},{"taxonomy":"post_tag","embeddable":true,"href":"https:\/\/diarioregionaldigital.com.br\/index.php?rest_route=%2Fwp%2Fv2%2Ftags&post=125428"}],"curies":[{"name":"wp","href":"https:\/\/api.w.org\/{rel}","templated":true}]}}